{"id":719,"date":"2026-08-20T20:07:44","date_gmt":"2026-08-20T23:07:44","guid":{"rendered":"https:\/\/andorinhacultural.com.br\/?p=719"},"modified":"2026-08-20T20:07:45","modified_gmt":"2026-08-20T23:07:45","slug":"andorinha-cultural-agosto-2026","status":"publish","type":"post","link":"https:\/\/andorinhacultural.com.br\/index.php\/2026\/08\/20\/andorinha-cultural-agosto-2026\/","title":{"rendered":"Um fim de semana para cantar, brincar e se conectar com a m\u00fasica brasileira no Parque das Andorinhas"},"content":{"rendered":"\n<p>O Parque Natural Municipal das Andorinhas, em Ouro Preto, recebe no pr\u00f3ximo fim de semana, 22 e 23 de agosto, a 5\u00aa edi\u00e7\u00e3o do Andorinha Cultural, projeto que promove o encontro entre cultura, natureza, lazer e conviv\u00eancia em um dos principais espa\u00e7os naturais do munic\u00edpio. Com programa\u00e7\u00e3o gratuita, o evento re\u00fane atra\u00e7\u00f5es musicais, atividades ambientais, caminhadas guiadas e a\u00e7\u00f5es voltadas especialmente para crian\u00e7as e fam\u00edlias.<\/p>\n\n\n\n<p>No s\u00e1bado (22), a programa\u00e7\u00e3o ser\u00e1 dedicada \u00e0 m\u00fasica brasileira. A partir das 12h, o p\u00fablico poder\u00e1 acompanhar o Trio Choro Negro, que apresenta o lan\u00e7amento de seu novo disco. Na sequ\u00eancia, \u00e0s 14h, ser\u00e1 a vez do Marcos Frederico Trio, com seu trabalho voltado ao choro e \u00e0 m\u00fasica instrumental brasileira. Encerrando a programa\u00e7\u00e3o musical do dia, \u00e0s 16h, o cantor, violeiro e compositor Wilson Dias se apresenta no formato Violeiro Duo, trazendo ao parque sua pesquisa e valoriza\u00e7\u00e3o da m\u00fasica de raiz e da cultura popular. Evento ter\u00e1 pra\u00e7a gastron\u00f4mica e cervejas artesanais.<\/p>\n\n\n\n<p>J\u00e1 no domingo (23), o Andorinha Cultural promove uma programa\u00e7\u00e3o especialmente voltada para fam\u00edlias, crian\u00e7as e visitantes que desejam aproveitar o parque e suas paisagens naturais. As atividades come\u00e7am \u00e0s 9h, com a abertura do Domingo no Parque. Haver\u00e1 pintura facial e oficina de colorir, criando um espa\u00e7o de lazer e criatividade para as crian\u00e7as. Tamb\u00e9m ser\u00e3o realizadas caminhadas guiadas pelo parque. A programa\u00e7\u00e3o ambiental come\u00e7a \u00e0s 9h30, com a primeira turma da Oficina de Meio Ambiente. O domingo tamb\u00e9m ter\u00e1 uma programa\u00e7\u00e3o recreativa com gincana e participa\u00e7\u00e3o da Patrulha Canina.<\/p>\n\n\n\n<p>De acordo com Gilson Martins, coordenador do evento, a proposta do Andorinha Cultural \u00e9 aproximar a popula\u00e7\u00e3o do Parque Natural Municipal das Andorinhas por meio de experi\u00eancias culturais, educativas e de lazer, valorizando o patrim\u00f4nio natural e estimulando uma rela\u00e7\u00e3o de cuidado e pertencimento com o territ\u00f3rio. \u201c\u00c9 uma oportunidade para moradores de Ouro Preto, visitantes e fam\u00edlias aproveitarem o fim de semana em contato com a natureza, a cultura e diferentes atividades de conviv\u00eancia\u201d, explica.<\/p>\n\n\n\n<p>O Andorinha Cultural tem patroc\u00ednio master da Vale, gest\u00e3o da Holofote Cultural, em co-produ\u00e7\u00e3o do Parque das Andorinhas e realiza\u00e7\u00e3o da Prefeitura de Ouro Preto por meio da Secretaria de Meio Ambiente, Funda\u00e7\u00e3o Gorceix e Minist\u00e9rio da Cultura.<\/p>\n\n\n\n<h2 class=\"wp-block-heading\">PROGRAMA\u00c7\u00c3O<\/h2>\n\n\n\n<p><strong>S\u00e1bado (22\/08)<\/strong><\/p>\n\n\n\n<p>12h \u00e0s 13h30 \u2013 Trio Choro Negro \u2013 Lan\u00e7amento do disco<\/p>\n\n\n\n<p>14h \u00e0s 15h30 \u2013 Marcos Frederico Trio<\/p>\n\n\n\n<p>16h \u00e0s 17h20 \u2013 Wilson Dias Violeiro Duo<\/p>\n\n\n\n<p><strong>Domingo (23\/08)<\/strong><\/p>\n\n\n\n<p>9h \u2013 Abertura do Domingo no Parque<\/p>\n\n\n\n<p>9h \u00e0s 12h \u2013 Pintura facial e oficina de colorir<\/p>\n\n\n\n<p>9h30 \u2013 Caminhada guiada 1<\/p>\n\n\n\n<p>9h30 \u00e0s 10h \u2013 Oficina de Meio Ambiente \u2013 Turma 1<\/p>\n\n\n\n<p>10h \u2013 Palestra do Corpo de Bombeiros<\/p>\n\n\n\n<p>10h30 \u00e0s 11h \u2013 Oficina de Meio Ambiente \u2013 Turma de Ant\u00f4nio Pereira<\/p>\n\n\n\n<p>10h30 \u2013 Caminhada guiada 2<\/p>\n\n\n\n<p>11h \u00e0s 12h \u2013 Gincana e animadores<\/p>\n\n\n\n<p>12h \u2013 Encerramento da gincana e premia\u00e7\u00e3o<\/p>\n\n\n\n<p>12h30 \u2013 Encerramento do evento<\/p>\n\n\n\n<h2 class=\"wp-block-heading\">VALE&nbsp;<\/h2>\n\n\n\n<p>A Vale acredita que a cultura transforma vidas. \u00c9 a maior apoiadora privada da Cultura no Brasil, patrocinando e fomentando projetos em parcerias que promovem conex\u00f5es entre pessoas, iniciativas e territ\u00f3rios. Seu compromisso \u00e9 contribuir com uma cultura cada vez mais acess\u00edvel e plural, ao mesmo tempo em que atua para o fortalecimento da economia criativa. Desde a sua cria\u00e7\u00e3o, em 2020, o Instituto Cultural Vale j\u00e1 esteve ao lado de mais de 1.000 projetos em 24 estados e no Distrito Federal, contemplando as cinco regi\u00f5es do pa\u00eds com investimento de mais de R$ 1,2 bilh\u00e3o em recursos pr\u00f3prios da Vale e via Lei Federal de Incentivo \u00e0 Cultura, a Lei Rouanet. Dentre eles, uma rede de espa\u00e7os culturais pr\u00f3prios, com visita\u00e7\u00e3o gratuita, identidade e voca\u00e7\u00e3o \u00fanicas: Memorial Minas Gerais Vale (MG), Museu Vale (ES), Centro Cultural Vale Maranh\u00e3o (MA) e Casa da Cultura de Cana\u00e3 dos Caraj\u00e1s (PA), que recebem mais de 400.000 visitantes por ano. Al\u00e9m disso, mais de 1.000 alunos s\u00e3o atendidos pelo Programa Vale M\u00fasica. Onde tem Cultura, a Vale est\u00e1. Visite o site do Instituto Cultural Vale: institutoculturalvale.org<\/p>\n","protected":false},"excerpt":{"rendered":"<p>O Parque Natural Municipal das Andorinhas, em Ouro Preto, recebe no pr\u00f3ximo fim de semana, 22 e 23 de agosto, a 5\u00aa edi\u00e7\u00e3o do Andorinha Cultural, projeto que promove o&#8230;<\/p>\n","protected":false},"author":1,"featured_media":720,"comment_status":"open","ping_status":"open","sticky":false,"template":"","format":"standard","meta":{"footnotes":""},"categories":[1],"tags":[],"yoast_head":"<!-- This site is optimized with the Yoast SEO plugin v23.0 - https:\/\/yoast.com\/wordpress\/plugins\/seo\/ -->\n<title>Um fim de semana para cantar, brincar e se conectar com a m\u00fasica brasileira no Parque das Andorinhas - Arte e Cultura no Parque das Andorinhas<\/title>\n<meta name=\"description\" content=\"O Parque Natural Municipal das Andorinhas, em Ouro Preto, recebe no pr\u00f3ximo fim de semana, 22 e 23, a 5\u00aa edi\u00e7\u00e3o do Andorinha Cultural.\" \/>\n<meta name=\"robots\" content=\"index, follow, max-snippet:-1, max-image-preview:large, max-video-preview:-1\" \/>\n<link rel=\"canonical\" href=\"https:\/\/andorinhacultural.com.br\/index.php\/2026\/08\/20\/andorinha-cultural-agosto-2026\/\" \/>\n<meta property=\"og:locale\" content=\"pt_BR\" \/>\n<meta property=\"og:type\" content=\"article\" \/>\n<meta property=\"og:title\" content=\"Um fim de semana para cantar, brincar e se conectar com a m\u00fasica brasileira no Parque das Andorinhas - Arte e Cultura no Parque das Andorinhas\" \/>\n<meta property=\"og:description\" content=\"O Parque Natural Municipal das Andorinhas, em Ouro Preto, recebe no pr\u00f3ximo fim de semana, 22 e 23, a 5\u00aa edi\u00e7\u00e3o do Andorinha Cultural.\" \/>\n<meta property=\"og:url\" content=\"https:\/\/andorinhacultural.com.br\/index.php\/2026\/08\/20\/andorinha-cultural-agosto-2026\/\" \/>\n<meta property=\"og:site_name\" content=\"Arte e Cultura no Parque das Andorinhas\" \/>\n<meta property=\"article:published_time\" content=\"2026-08-20T23:07:44+00:00\" \/>\n<meta property=\"article:modified_time\" content=\"2026-08-20T23:07:45+00:00\" \/>\n<meta property=\"og:image\" content=\"http:\/\/andorinhacultural.com.br\/wp-content\/uploads\/2026\/08\/750_500_normal_42694d256e7117ca8b34baf517d7c1943390e052.jpg\" \/>\n\t<meta property=\"og:image:width\" content=\"750\" \/>\n\t<meta property=\"og:image:height\" content=\"500\" \/>\n\t<meta property=\"og:image:type\" content=\"image\/jpeg\" \/>\n<meta name=\"author\" content=\"andorinhacultural.com.br\" \/>\n<meta name=\"twitter:card\" content=\"summary_large_image\" \/>\n<meta name=\"twitter:label1\" content=\"Escrito por\" \/>\n\t<meta name=\"twitter:data1\" content=\"andorinhacultural.com.br\" \/>\n\t<meta name=\"twitter:label2\" content=\"Est. tempo de leitura\" \/>\n\t<meta name=\"twitter:data2\" content=\"4 minutos\" \/>\n<script type=\"application\/ld+json\" class=\"yoast-schema-graph\">{\"@context\":\"https:\/\/schema.org\",\"@graph\":[{\"@type\":\"Article\",\"@id\":\"https:\/\/andorinhacultural.com.br\/index.php\/2026\/08\/20\/andorinha-cultural-agosto-2026\/#article\",\"isPartOf\":{\"@id\":\"https:\/\/andorinhacultural.com.br\/index.php\/2026\/08\/20\/andorinha-cultural-agosto-2026\/\"},\"author\":{\"name\":\"andorinhacultural.com.br\",\"@id\":\"https:\/\/andorinhacultural.com.br\/#\/schema\/person\/5feaf931f60c56733ff684658f052af3\"},\"headline\":\"Um fim de semana para cantar, brincar e se conectar com a m\u00fasica brasileira no Parque das Andorinhas\",\"datePublished\":\"2026-08-20T23:07:44+00:00\",\"dateModified\":\"2026-08-20T23:07:45+00:00\",\"mainEntityOfPage\":{\"@id\":\"https:\/\/andorinhacultural.com.br\/index.php\/2026\/08\/20\/andorinha-cultural-agosto-2026\/\"},\"wordCount\":710,\"commentCount\":0,\"publisher\":{\"@id\":\"https:\/\/andorinhacultural.com.br\/#organization\"},\"image\":{\"@id\":\"https:\/\/andorinhacultural.com.br\/index.php\/2026\/08\/20\/andorinha-cultural-agosto-2026\/#primaryimage\"},\"thumbnailUrl\":\"https:\/\/andorinhacultural.com.br\/wp-content\/uploads\/2026\/08\/750_500_normal_42694d256e7117ca8b34baf517d7c1943390e052.jpg\",\"articleSection\":[\"Imprensa\"],\"inLanguage\":\"pt-BR\",\"potentialAction\":[{\"@type\":\"CommentAction\",\"name\":\"Comment\",\"target\":[\"https:\/\/andorinhacultural.com.br\/index.php\/2026\/08\/20\/andorinha-cultural-agosto-2026\/#respond\"]}]},{\"@type\":\"WebPage\",\"@id\":\"https:\/\/andorinhacultural.com.br\/index.php\/2026\/08\/20\/andorinha-cultural-agosto-2026\/\",\"url\":\"https:\/\/andorinhacultural.com.br\/index.php\/2026\/08\/20\/andorinha-cultural-agosto-2026\/\",\"name\":\"Um fim de semana para cantar, brincar e se conectar com a m\u00fasica brasileira no Parque das Andorinhas - Arte e Cultura no Parque das Andorinhas\",\"isPartOf\":{\"@id\":\"https:\/\/andorinhacultural.com.br\/#website\"},\"primaryImageOfPage\":{\"@id\":\"https:\/\/andorinhacultural.com.br\/index.php\/2026\/08\/20\/andorinha-cultural-agosto-2026\/#primaryimage\"},\"image\":{\"@id\":\"https:\/\/andorinhacultural.com.br\/index.php\/2026\/08\/20\/andorinha-cultural-agosto-2026\/#primaryimage\"},\"thumbnailUrl\":\"https:\/\/andorinhacultural.com.br\/wp-content\/uploads\/2026\/08\/750_500_normal_42694d256e7117ca8b34baf517d7c1943390e052.jpg\",\"datePublished\":\"2026-08-20T23:07:44+00:00\",\"dateModified\":\"2026-08-20T23:07:45+00:00\",\"description\":\"O Parque Natural Municipal das Andorinhas, em Ouro Preto, recebe no pr\u00f3ximo fim de semana, 22 e 23, a 5\u00aa edi\u00e7\u00e3o do Andorinha Cultural.\",\"breadcrumb\":{\"@id\":\"https:\/\/andorinhacultural.com.br\/index.php\/2026\/08\/20\/andorinha-cultural-agosto-2026\/#breadcrumb\"},\"inLanguage\":\"pt-BR\",\"potentialAction\":[{\"@type\":\"ReadAction\",\"target\":[\"https:\/\/andorinhacultural.com.br\/index.php\/2026\/08\/20\/andorinha-cultural-agosto-2026\/\"]}]},{\"@type\":\"ImageObject\",\"inLanguage\":\"pt-BR\",\"@id\":\"https:\/\/andorinhacultural.com.br\/index.php\/2026\/08\/20\/andorinha-cultural-agosto-2026\/#primaryimage\",\"url\":\"https:\/\/andorinhacultural.com.br\/wp-content\/uploads\/2026\/08\/750_500_normal_42694d256e7117ca8b34baf517d7c1943390e052.jpg\",\"contentUrl\":\"https:\/\/andorinhacultural.com.br\/wp-content\/uploads\/2026\/08\/750_500_normal_42694d256e7117ca8b34baf517d7c1943390e052.jpg\",\"width\":750,\"height\":500,\"caption\":\"Um fim de semana para cantar, brincar e se conectar com a m\u00fasica brasileira no Parque das Andorinhas\"},{\"@type\":\"BreadcrumbList\",\"@id\":\"https:\/\/andorinhacultural.com.br\/index.php\/2026\/08\/20\/andorinha-cultural-agosto-2026\/#breadcrumb\",\"itemListElement\":[{\"@type\":\"ListItem\",\"position\":1,\"name\":\"Home\",\"item\":\"https:\/\/andorinhacultural.com.br\/\"},{\"@type\":\"ListItem\",\"position\":2,\"name\":\"Um fim de semana para cantar, brincar e se conectar com a m\u00fasica brasileira no Parque das Andorinhas\"}]},{\"@type\":\"WebSite\",\"@id\":\"https:\/\/andorinhacultural.com.br\/#website\",\"url\":\"https:\/\/andorinhacultural.com.br\/\",\"name\":\"Arte e Cultura no Parque das Andorinhas\",\"description\":\"\",\"publisher\":{\"@id\":\"https:\/\/andorinhacultural.com.br\/#organization\"},\"potentialAction\":[{\"@type\":\"SearchAction\",\"target\":{\"@type\":\"EntryPoint\",\"urlTemplate\":\"https:\/\/andorinhacultural.com.br\/?s={search_term_string}\"},\"query-input\":\"required name=search_term_string\"}],\"inLanguage\":\"pt-BR\"},{\"@type\":\"Organization\",\"@id\":\"https:\/\/andorinhacultural.com.br\/#organization\",\"name\":\"Arte e Cultura no Parque das Andorinhas\",\"url\":\"https:\/\/andorinhacultural.com.br\/\",\"logo\":{\"@type\":\"ImageObject\",\"inLanguage\":\"pt-BR\",\"@id\":\"https:\/\/andorinhacultural.com.br\/#\/schema\/logo\/image\/\",\"url\":\"https:\/\/andorinhacultural.com.br\/wp-content\/uploads\/2026\/02\/cropped-logo_parque_andorinhas-300x180-1.png\",\"contentUrl\":\"https:\/\/andorinhacultural.com.br\/wp-content\/uploads\/2026\/02\/cropped-logo_parque_andorinhas-300x180-1.png\",\"width\":300,\"height\":180,\"caption\":\"Arte e Cultura no Parque das Andorinhas\"},\"image\":{\"@id\":\"https:\/\/andorinhacultural.com.br\/#\/schema\/logo\/image\/\"}},{\"@type\":\"Person\",\"@id\":\"https:\/\/andorinhacultural.com.br\/#\/schema\/person\/5feaf931f60c56733ff684658f052af3\",\"name\":\"andorinhacultural.com.br\",\"image\":{\"@type\":\"ImageObject\",\"inLanguage\":\"pt-BR\",\"@id\":\"https:\/\/andorinhacultural.com.br\/#\/schema\/person\/image\/\",\"url\":\"https:\/\/secure.gravatar.com\/avatar\/362e56bb7e0b40c3878e5c84bc4725d8?s=96&d=mm&r=g\",\"contentUrl\":\"https:\/\/secure.gravatar.com\/avatar\/362e56bb7e0b40c3878e5c84bc4725d8?s=96&d=mm&r=g\",\"caption\":\"andorinhacultural.com.br\"},\"sameAs\":[\"http:\/\/andorinhacultural.com.br\"],\"url\":\"https:\/\/andorinhacultural.com.br\/index.php\/author\/andorinhacultural-com-br\/\"}]}<\/script>\n<!-- \/ Yoast SEO plugin. -->","yoast_head_json":{"title":"Um fim de semana para cantar, brincar e se conectar com a m\u00fasica brasileira no Parque das Andorinhas - Arte e Cultura no Parque das Andorinhas","description":"O Parque Natural Municipal das Andorinhas, em Ouro Preto, recebe no pr\u00f3ximo fim de semana, 22 e 23, a 5\u00aa edi\u00e7\u00e3o do Andorinha Cultural.","robots":{"index":"index","follow":"follow","max-snippet":"max-snippet:-1","max-image-preview":"max-image-preview:large","max-video-preview":"max-video-preview:-1"},"canonical":"https:\/\/andorinhacultural.com.br\/index.php\/2026\/08\/20\/andorinha-cultural-agosto-2026\/","og_locale":"pt_BR","og_type":"article","og_title":"Um fim de semana para cantar, brincar e se conectar com a m\u00fasica brasileira no Parque das Andorinhas - Arte e Cultura no Parque das Andorinhas","og_description":"O Parque Natural Municipal das Andorinhas, em Ouro Preto, recebe no pr\u00f3ximo fim de semana, 22 e 23, a 5\u00aa edi\u00e7\u00e3o do Andorinha Cultural.","og_url":"https:\/\/andorinhacultural.com.br\/index.php\/2026\/08\/20\/andorinha-cultural-agosto-2026\/","og_site_name":"Arte e Cultura no Parque das Andorinhas","article_published_time":"2026-08-20T23:07:44+00:00","article_modified_time":"2026-08-20T23:07:45+00:00","og_image":[{"width":750,"height":500,"url":"http:\/\/andorinhacultural.com.br\/wp-content\/uploads\/2026\/08\/750_500_normal_42694d256e7117ca8b34baf517d7c1943390e052.jpg","type":"image\/jpeg"}],"author":"andorinhacultural.com.br","twitter_card":"summary_large_image","twitter_misc":{"Escrito por":"andorinhacultural.com.br","Est. tempo de leitura":"4 minutos"},"schema":{"@context":"https:\/\/schema.org","@graph":[{"@type":"Article","@id":"https:\/\/andorinhacultural.com.br\/index.php\/2026\/08\/20\/andorinha-cultural-agosto-2026\/#article","isPartOf":{"@id":"https:\/\/andorinhacultural.com.br\/index.php\/2026\/08\/20\/andorinha-cultural-agosto-2026\/"},"author":{"name":"andorinhacultural.com.br","@id":"https:\/\/andorinhacultural.com.br\/#\/schema\/person\/5feaf931f60c56733ff684658f052af3"},"headline":"Um fim de semana para cantar, brincar e se conectar com a m\u00fasica brasileira no Parque das Andorinhas","datePublished":"2026-08-20T23:07:44+00:00","dateModified":"2026-08-20T23:07:45+00:00","mainEntityOfPage":{"@id":"https:\/\/andorinhacultural.com.br\/index.php\/2026\/08\/20\/andorinha-cultural-agosto-2026\/"},"wordCount":710,"commentCount":0,"publisher":{"@id":"https:\/\/andorinhacultural.com.br\/#organization"},"image":{"@id":"https:\/\/andorinhacultural.com.br\/index.php\/2026\/08\/20\/andorinha-cultural-agosto-2026\/#primaryimage"},"thumbnailUrl":"https:\/\/andorinhacultural.com.br\/wp-content\/uploads\/2026\/08\/750_500_normal_42694d256e7117ca8b34baf517d7c1943390e052.jpg","articleSection":["Imprensa"],"inLanguage":"pt-BR","potentialAction":[{"@type":"CommentAction","name":"Comment","target":["https:\/\/andorinhacultural.com.br\/index.php\/2026\/08\/20\/andorinha-cultural-agosto-2026\/#respond"]}]},{"@type":"WebPage","@id":"https:\/\/andorinhacultural.com.br\/index.php\/2026\/08\/20\/andorinha-cultural-agosto-2026\/","url":"https:\/\/andorinhacultural.com.br\/index.php\/2026\/08\/20\/andorinha-cultural-agosto-2026\/","name":"Um fim de semana para cantar, brincar e se conectar com a m\u00fasica brasileira no Parque das Andorinhas - Arte e Cultura no Parque das Andorinhas","isPartOf":{"@id":"https:\/\/andorinhacultural.com.br\/#website"},"primaryImageOfPage":{"@id":"https:\/\/andorinhacultural.com.br\/index.php\/2026\/08\/20\/andorinha-cultural-agosto-2026\/#primaryimage"},"image":{"@id":"https:\/\/andorinhacultural.com.br\/index.php\/2026\/08\/20\/andorinha-cultural-agosto-2026\/#primaryimage"},"thumbnailUrl":"https:\/\/andorinhacultural.com.br\/wp-content\/uploads\/2026\/08\/750_500_normal_42694d256e7117ca8b34baf517d7c1943390e052.jpg","datePublished":"2026-08-20T23:07:44+00:00","dateModified":"2026-08-20T23:07:45+00:00","description":"O Parque Natural Municipal das Andorinhas, em Ouro Preto, recebe no pr\u00f3ximo fim de semana, 22 e 23, a 5\u00aa edi\u00e7\u00e3o do Andorinha Cultural.","breadcrumb":{"@id":"https:\/\/andorinhacultural.com.br\/index.php\/2026\/08\/20\/andorinha-cultural-agosto-2026\/#breadcrumb"},"inLanguage":"pt-BR","potentialAction":[{"@type":"ReadAction","target":["https:\/\/andorinhacultural.com.br\/index.php\/2026\/08\/20\/andorinha-cultural-agosto-2026\/"]}]},{"@type":"ImageObject","inLanguage":"pt-BR","@id":"https:\/\/andorinhacultural.com.br\/index.php\/2026\/08\/20\/andorinha-cultural-agosto-2026\/#primaryimage","url":"https:\/\/andorinhacultural.com.br\/wp-content\/uploads\/2026\/08\/750_500_normal_42694d256e7117ca8b34baf517d7c1943390e052.jpg","contentUrl":"https:\/\/andorinhacultural.com.br\/wp-content\/uploads\/2026\/08\/750_500_normal_42694d256e7117ca8b34baf517d7c1943390e052.jpg","width":750,"height":500,"caption":"Um fim de semana para cantar, brincar e se conectar com a m\u00fasica brasileira no Parque das Andorinhas"},{"@type":"BreadcrumbList","@id":"https:\/\/andorinhacultural.com.br\/index.php\/2026\/08\/20\/andorinha-cultural-agosto-2026\/#breadcrumb","itemListElement":[{"@type":"ListItem","position":1,"name":"Home","item":"https:\/\/andorinhacultural.com.br\/"},{"@type":"ListItem","position":2,"name":"Um fim de semana para cantar, brincar e se conectar com a m\u00fasica brasileira no Parque das Andorinhas"}]},{"@type":"WebSite","@id":"https:\/\/andorinhacultural.com.br\/#website","url":"https:\/\/andorinhacultural.com.br\/","name":"Arte e Cultura no Parque das Andorinhas","description":"","publisher":{"@id":"https:\/\/andorinhacultural.com.br\/#organization"},"potentialAction":[{"@type":"SearchAction","target":{"@type":"EntryPoint","urlTemplate":"https:\/\/andorinhacultural.com.br\/?s={search_term_string}"},"query-input":"required name=search_term_string"}],"inLanguage":"pt-BR"},{"@type":"Organization","@id":"https:\/\/andorinhacultural.com.br\/#organization","name":"Arte e Cultura no Parque das Andorinhas","url":"https:\/\/andorinhacultural.com.br\/","logo":{"@type":"ImageObject","inLanguage":"pt-BR","@id":"https:\/\/andorinhacultural.com.br\/#\/schema\/logo\/image\/","url":"https:\/\/andorinhacultural.com.br\/wp-content\/uploads\/2026\/02\/cropped-logo_parque_andorinhas-300x180-1.png","contentUrl":"https:\/\/andorinhacultural.com.br\/wp-content\/uploads\/2026\/02\/cropped-logo_parque_andorinhas-300x180-1.png","width":300,"height":180,"caption":"Arte e Cultura no Parque das Andorinhas"},"image":{"@id":"https:\/\/andorinhacultural.com.br\/#\/schema\/logo\/image\/"}},{"@type":"Person","@id":"https:\/\/andorinhacultural.com.br\/#\/schema\/person\/5feaf931f60c56733ff684658f052af3","name":"andorinhacultural.com.br","image":{"@type":"ImageObject","inLanguage":"pt-BR","@id":"https:\/\/andorinhacultural.com.br\/#\/schema\/person\/image\/","url":"https:\/\/secure.gravatar.com\/avatar\/362e56bb7e0b40c3878e5c84bc4725d8?s=96&d=mm&r=g","contentUrl":"https:\/\/secure.gravatar.com\/avatar\/362e56bb7e0b40c3878e5c84bc4725d8?s=96&d=mm&r=g","caption":"andorinhacultural.com.br"},"sameAs":["http:\/\/andorinhacultural.com.br"],"url":"https:\/\/andorinhacultural.com.br\/index.php\/author\/andorinhacultural-com-br\/"}]}},"_links":{"self":[{"href":"https:\/\/andorinhacultural.com.br\/index.php\/wp-json\/wp\/v2\/posts\/719"}],"collection":[{"href":"https:\/\/andorinhacultural.com.br\/index.php\/wp-json\/wp\/v2\/posts"}],"about":[{"href":"https:\/\/andorinhacultural.com.br\/index.php\/wp-json\/wp\/v2\/types\/post"}],"author":[{"embeddable":true,"href":"https:\/\/andorinhacultural.com.br\/index.php\/wp-json\/wp\/v2\/users\/1"}],"replies":[{"embeddable":true,"href":"https:\/\/andorinhacultural.com.br\/index.php\/wp-json\/wp\/v2\/comments?post=719"}],"version-history":[{"count":1,"href":"https:\/\/andorinhacultural.com.br\/index.php\/wp-json\/wp\/v2\/posts\/719\/revisions"}],"predecessor-version":[{"id":721,"href":"https:\/\/andorinhacultural.com.br\/index.php\/wp-json\/wp\/v2\/posts\/719\/revisions\/721"}],"wp:featuredmedia":[{"embeddable":true,"href":"https:\/\/andorinhacultural.com.br\/index.php\/wp-json\/wp\/v2\/media\/720"}],"wp:attachment":[{"href":"https:\/\/andorinhacultural.com.br\/index.php\/wp-json\/wp\/v2\/media?parent=719"}],"wp:term":[{"taxonomy":"category","embeddable":true,"href":"https:\/\/andorinhacultural.com.br\/index.php\/wp-json\/wp\/v2\/categories?post=719"},{"taxonomy":"post_tag","embeddable":true,"href":"https:\/\/andorinhacultural.com.br\/index.php\/wp-json\/wp\/v2\/tags?post=719"}],"curies":[{"name":"wp","href":"https:\/\/api.w.org\/{rel}","templated":true}]}}