{"id":675,"date":"2026-04-24T11:58:44","date_gmt":"2026-04-24T14:58:44","guid":{"rendered":"https:\/\/andorinhacultural.com.br\/?p=675"},"modified":"2026-04-24T11:58:45","modified_gmt":"2026-04-24T14:58:45","slug":"publico-andorinha-cultural-ouro-preto","status":"publish","type":"post","link":"https:\/\/andorinhacultural.com.br\/index.php\/2026\/04\/24\/publico-andorinha-cultural-ouro-preto\/","title":{"rendered":"Andorinha Cultural re\u00fane p\u00fablico de diversas regi\u00f5es do mundo em um fim de semana de bem-estar, m\u00fasica e movimento"},"content":{"rendered":"\n<p>Ouro Preto viveu um fim de semana diferente nos dias 18 e 19 de abril, com a realiza\u00e7\u00e3o do Andorinha Cultural no Parque Natural Municipal das Andorinhas. Cerca de duas mil pessoas passaram pelo local para participar do evento gratuito, que reuniu cultura, bem-estar e atividades ao ar livre, com patroc\u00ednio da Vale por meio da Lei Federal de Incentivo \u00e0 Cultura.<\/p>\n\n\n\n<p>No s\u00e1bado (18), a programa\u00e7\u00e3o come\u00e7ou com a caminhada \u201cMude 1 H\u00e1bito\u201d, seguida pelo espet\u00e1culo teatral \u201cJagy Nak \u2013 Sabedoria da Terra\u201d, em homenagem ao Dia dos Povos Ind\u00edgenas. Na sequ\u00eancia, o grupo Chorando em Versos convidou Erika Curtiss para uma apresenta\u00e7\u00e3o especial de chorinho. Encerrando o dia, a cantora Laura Catarina emocionou o p\u00fablico com o show \u201cLaura Catarina canta Vander Lee\u201d, em tributo ao artista mineiro ap\u00f3s 10 anos de sua morte.<\/p>\n\n\n\n<p>A proposta do evento foi estimular h\u00e1bitos saud\u00e1veis e promover a conviv\u00eancia em um dos espa\u00e7os naturais mais emblem\u00e1ticos da cidade. No domingo (19), o p\u00fablico participou de atividades voltadas ao bem-estar, como yoga e tai chi chuan, al\u00e9m de sess\u00f5es de reiki, auriculoterapia e massagem, realizadas em parceria com o Programa \u00cdris da UFOP. A programa\u00e7\u00e3o contou ainda com apresenta\u00e7\u00e3o do Coral Vozes de Vila Rica e foi encerrada com o espet\u00e1culo musical Sons de Cura.<\/p>\n\n\n\n<p>As crian\u00e7as tamb\u00e9m tiveram espa\u00e7o garantido, com oficina conduzida por Raquel Silva, que integrou educa\u00e7\u00e3o ambiental e atividades art\u00edsticas, incluindo coleta de res\u00edduos no parque e produ\u00e7\u00e3o de colagens.<\/p>\n\n\n\n<p>O evento contou ainda com a Feira Vale + Comunidade, reunindo expositores de artesanato e gastronomia, al\u00e9m de produtores locais, movimentando a economia da regi\u00e3o e valorizando iniciativas de distritos como Amarantina e Ant\u00f4nio Pereira.<\/p>\n\n\n\n<p>\u201cPara a Vale \u00e9 uma grande satisfa\u00e7\u00e3o apoiar projetos como esse. A cultura \u00e9 a base de tudo, e estar aqui hoje, trazendo representantes do artesanato e da culin\u00e1ria da regi\u00e3o, \u00e9 motivo de orgulho. Parab\u00e9ns a todos os envolvidos e que mais pessoas venham participar desse evento maravilhoso\u201d, destacou Elaine Nascimento, analista de relacionamento com comunidades da Vale.<\/p>\n\n\n\n<p>O secret\u00e1rio de Meio Ambiente de Ouro Preto, Chiquinho de Assis, ressaltou o car\u00e1ter coletivo da iniciativa: \u201cO Andorinha Cultural chega \u00e0 sua terceira edi\u00e7\u00e3o com as parcerias fortalecidas. \u00c9 um movimento de ressignifica\u00e7\u00e3o desse espa\u00e7o \u2014 um lugar de ecologia, produ\u00e7\u00e3o de \u00e1gua, mas tamb\u00e9m de cultura, conviv\u00eancia e acolhimento. Vida longa ao projeto.\u201d<\/p>\n\n\n\n<p>A vice-prefeita Regina Braga tamb\u00e9m celebrou o sucesso do evento e a ocupa\u00e7\u00e3o do parque pela popula\u00e7\u00e3o: \u201c\u00c9 motivo de orgulho ver as fam\u00edlias de Ouro Preto e os visitantes aproveitando esse espa\u00e7o com uma programa\u00e7\u00e3o t\u00e3o rica. O parque est\u00e1 vivo, bem cuidado, e esse encontro entre natureza, arte e cultura mostra o quanto ele \u00e9 importante para a cidade e para Minas Gerais.\u201d<\/p>\n\n\n\n<p>Para Gilson Martins, diretor da Holofote e coordenador do projeto, o evento cumpre um papel essencial na cidade: \u201cO Andorinha Cultural nasce do desejo de reconectar as pessoas com aquilo que \u00e9 essencial: a arte, a natureza e o encontro. \u00c9 um evento gratuito, inclusivo, pensado para todas as idades, que fortalece os artistas da regi\u00e3o e convida o p\u00fablico a viver uma experi\u00eancia \u00fanica em meio \u00e0 natureza.\u201d<\/p>\n\n\n\n<p>O evento tamb\u00e9m se destacou pelo compromisso com a acessibilidade, contando com int\u00e9rprete de Libras, audiodescri\u00e7\u00e3o, material informativo em braille e equipe de monitoria para pessoas com defici\u00eancia (PCD). Al\u00e9m disso, o Parque Natural Municipal das Andorinhas disponibiliza uma cadeira Julietti, equipamento adaptado especialmente para a pr\u00e1tica de montanhismo, ampliando o acesso \u00e0s trilhas e permitindo que pessoas com mobilidade reduzida tamb\u00e9m vivenciem a experi\u00eancia de contato com a natureza de forma segura e inclusiva.<\/p>\n\n\n\n<p>Com programa\u00e7\u00e3o diversa e acesso gratuito, o Andorinha Cultural se consolida como uma importante iniciativa de valoriza\u00e7\u00e3o cultural, ambiental e social em Ouro Preto. O projeto tem patroc\u00ednio master da Vale, gest\u00e3o da Holofote Comunica\u00e7\u00e3o e Cultura, e realiza\u00e7\u00e3o da Prefeitura de Ouro Preto por meio da Secretaria de Meio Ambiente, Funda\u00e7\u00e3o Gorceix, Minist\u00e9rio da Cultura e Governo Federal.<\/p>\n\n\n\n<h2 class=\"wp-block-heading\">Andorinha Cultural atrai p\u00fablico de diversas regi\u00f5es do Brasil e do mundo em Ouro Preto<\/h2>\n\n\n\n<p>Ouro Preto se consolidou, mais uma vez, como um importante destino cultural e tur\u00edstico com a realiza\u00e7\u00e3o do Andorinha Cultural, no Parque Natural Municipal das Andorinhas. O evento gratuito reuniu um p\u00fablico diverso, com visitantes vindos de diferentes cidades brasileiras e at\u00e9 do exterior, refor\u00e7ando o alcance e a relev\u00e2ncia da iniciativa.<\/p>\n\n\n\n<p>Al\u00e9m de moradores de Ouro Preto e distritos como Ant\u00f4nio Pereira, o evento recebeu participantes de cidades mineiras como Belo Horizonte, Ipatinga, Mariana, Juiz de Fora, Contagem, Betim, Ribeir\u00e3o das Neves, Santa Luzia, Governador Valadares e Divin\u00f3polis.<\/p>\n\n\n\n<p>A diversidade do p\u00fablico tamb\u00e9m se refletiu na presen\u00e7a de visitantes de outros estados, incluindo S\u00e3o Paulo, Rio de Janeiro, Paran\u00e1, Esp\u00edrito Santo, Bahia, Pernambuco, Para\u00edba, Rio Grande do Norte, Maranh\u00e3o, Distrito Federal e Rio Grande do Sul.<\/p>\n\n\n\n<p>O alcance do Andorinha Cultural ultrapassou fronteiras nacionais, com a presen\u00e7a de visitantes internacionais vindos de pa\u00edses como Portugal (Porto), Col\u00f4mbia (Bogot\u00e1), Argentina (La Pampa e General Pico) e at\u00e9 da Est\u00f4nia (Tallinn).<\/p>\n\n\n\n<p>Essa pluralidade de origens evidencia o potencial do evento como vetor de turismo cultural e sustent\u00e1vel, promovendo o encontro entre diferentes culturas em um ambiente de natureza preservada. A programa\u00e7\u00e3o gratuita, aliada \u00e0 proposta de integra\u00e7\u00e3o entre arte, meio ambiente e bem-estar, tem atra\u00eddo um p\u00fablico cada vez mais amplo e diverso, consolidando o Andorinha Cultural como uma experi\u00eancia \u00fanica em Minas Gerais.<\/p>\n\n\n\n<p>Para a organiza\u00e7\u00e3o, o perfil do p\u00fablico refor\u00e7a a voca\u00e7\u00e3o do projeto como espa\u00e7o de encontro e conviv\u00eancia. \u201cO Andorinha Cultural \u00e9 um evento que conecta pessoas de diferentes lugares, hist\u00f3rias e culturas. Essa diversidade \u00e9 o que d\u00e1 sentido ao projeto e fortalece ainda mais a proposta de promover experi\u00eancias coletivas em meio \u00e0 natureza\u201d, destaca a coordena\u00e7\u00e3o.<\/p>\n\n\n\n<p>Com programa\u00e7\u00e3o diversa e acesso gratuito, o Andorinha Cultural se consolida como uma importante iniciativa de valoriza\u00e7\u00e3o cultural, ambiental e social em Ouro Preto. O projeto tem patroc\u00ednio master da Vale, gest\u00e3o da Holofote Comunica\u00e7\u00e3o e Cultura, e realiza\u00e7\u00e3o da Prefeitura de Ouro Preto por meio da Secretaria de Meio Ambiente, Funda\u00e7\u00e3o Gorceix, Minist\u00e9rio da Cultura e Governo Federal.<\/p>\n\n\n\n<h2 class=\"wp-block-heading\">Vale<\/h2>\n\n\n\n<p>A Vale acredita que a cultura transforma vidas. \u00c9 a maior apoiadora privada da Cultura no Brasil, patrocinando e fomentando projetos em parcerias que promovem conex\u00f5es entre pessoas, iniciativas e territ\u00f3rios. Seu compromisso \u00e9 contribuir com uma cultura cada vez mais acess\u00edvel e plural, ao mesmo tempo em que atua para o fortalecimento da economia criativa. Desde a sua cria\u00e7\u00e3o, em 2020, o Instituto Cultural Vale j\u00e1 esteve ao lado de mais de 1.000 projetos em 24 estados e no Distrito Federal, contemplando as cinco regi\u00f5es do pa\u00eds com investimento de mais de R$ 1,2 bilh\u00e3o em recursos pr\u00f3prios da Vale e via Lei Federal de Incentivo \u00e0 Cultura, a Lei Rouanet. Dentre eles, uma rede de espa\u00e7os culturais pr\u00f3prios, com visita\u00e7\u00e3o gratuita, identidade e voca\u00e7\u00e3o \u00fanicas: Memorial Minas Gerais Vale (MG), Museu Vale (ES), Centro Cultural Vale Maranh\u00e3o (MA) e Casa da Cultura de Cana\u00e3 dos Caraj\u00e1s (PA), que recebem mais de 400.000 visitantes por ano. Al\u00e9m disso, mais de 1.000 alunos s\u00e3o atendidos pelo Programa Vale M\u00fasica. Onde tem Cultura, a Vale est\u00e1. Visite o site do Instituto Cultural Vale: <a href=\"http:\/\/institutoculturalvale.org\">institutoculturalvale.org<\/a><\/p>\n","protected":false},"excerpt":{"rendered":"<p>Ouro Preto viveu um fim de semana diferente nos dias 18 e 19 de abril, com a realiza\u00e7\u00e3o do Andorinha Cultural no Parque Natural Municipal das Andorinhas. Cerca de duas&#8230;<\/p>\n","protected":false},"author":1,"featured_media":676,"comment_status":"open","ping_status":"open","sticky":false,"template":"","format":"standard","meta":{"footnotes":""},"categories":[1],"tags":[],"yoast_head":"<!-- This site is optimized with the Yoast SEO plugin v23.0 - https:\/\/yoast.com\/wordpress\/plugins\/seo\/ -->\n<title>Andorinha Cultural re\u00fane p\u00fablico de diversas regi\u00f5es do mundo<\/title>\n<meta name=\"description\" content=\"O Ouro Preto se consolidou, mais uma vez, como um importante destino cultural e tur\u00edstico com a realiza\u00e7\u00e3o do Andorinha Cultural.\" \/>\n<meta name=\"robots\" content=\"index, follow, max-snippet:-1, max-image-preview:large, max-video-preview:-1\" \/>\n<link rel=\"canonical\" href=\"https:\/\/andorinhacultural.com.br\/index.php\/2026\/04\/24\/publico-andorinha-cultural-ouro-preto\/\" \/>\n<meta property=\"og:locale\" content=\"pt_BR\" \/>\n<meta property=\"og:type\" content=\"article\" \/>\n<meta property=\"og:title\" content=\"Andorinha Cultural re\u00fane p\u00fablico de diversas regi\u00f5es do mundo\" \/>\n<meta property=\"og:description\" content=\"O Ouro Preto se consolidou, mais uma vez, como um importante destino cultural e tur\u00edstico com a realiza\u00e7\u00e3o do Andorinha Cultural.\" \/>\n<meta property=\"og:url\" content=\"https:\/\/andorinhacultural.com.br\/index.php\/2026\/04\/24\/publico-andorinha-cultural-ouro-preto\/\" \/>\n<meta property=\"og:site_name\" content=\"Arte e Cultura no Parque das Andorinhas\" \/>\n<meta property=\"article:published_time\" content=\"2026-04-24T14:58:44+00:00\" \/>\n<meta property=\"article:modified_time\" content=\"2026-04-24T14:58:45+00:00\" \/>\n<meta property=\"og:image\" content=\"http:\/\/andorinhacultural.com.br\/wp-content\/uploads\/2026\/04\/laura-catarina-ane-souz.jpg\" \/>\n\t<meta property=\"og:image:width\" content=\"1500\" \/>\n\t<meta property=\"og:image:height\" content=\"1000\" \/>\n\t<meta property=\"og:image:type\" content=\"image\/jpeg\" \/>\n<meta name=\"author\" content=\"andorinhacultural.com.br\" \/>\n<meta name=\"twitter:card\" content=\"summary_large_image\" \/>\n<meta name=\"twitter:label1\" content=\"Escrito por\" \/>\n\t<meta name=\"twitter:data1\" content=\"andorinhacultural.com.br\" \/>\n\t<meta name=\"twitter:label2\" content=\"Est. tempo de leitura\" \/>\n\t<meta name=\"twitter:data2\" content=\"7 minutos\" \/>\n<script type=\"application\/ld+json\" class=\"yoast-schema-graph\">{\"@context\":\"https:\/\/schema.org\",\"@graph\":[{\"@type\":\"Article\",\"@id\":\"https:\/\/andorinhacultural.com.br\/index.php\/2026\/04\/24\/publico-andorinha-cultural-ouro-preto\/#article\",\"isPartOf\":{\"@id\":\"https:\/\/andorinhacultural.com.br\/index.php\/2026\/04\/24\/publico-andorinha-cultural-ouro-preto\/\"},\"author\":{\"name\":\"andorinhacultural.com.br\",\"@id\":\"https:\/\/andorinhacultural.com.br\/#\/schema\/person\/5feaf931f60c56733ff684658f052af3\"},\"headline\":\"Andorinha Cultural re\u00fane p\u00fablico de diversas regi\u00f5es do mundo em um fim de semana de bem-estar, m\u00fasica e movimento\",\"datePublished\":\"2026-04-24T14:58:44+00:00\",\"dateModified\":\"2026-04-24T14:58:45+00:00\",\"mainEntityOfPage\":{\"@id\":\"https:\/\/andorinhacultural.com.br\/index.php\/2026\/04\/24\/publico-andorinha-cultural-ouro-preto\/\"},\"wordCount\":1323,\"commentCount\":0,\"publisher\":{\"@id\":\"https:\/\/andorinhacultural.com.br\/#organization\"},\"image\":{\"@id\":\"https:\/\/andorinhacultural.com.br\/index.php\/2026\/04\/24\/publico-andorinha-cultural-ouro-preto\/#primaryimage\"},\"thumbnailUrl\":\"https:\/\/andorinhacultural.com.br\/wp-content\/uploads\/2026\/04\/laura-catarina-ane-souz.jpg\",\"articleSection\":[\"Blog\"],\"inLanguage\":\"pt-BR\",\"potentialAction\":[{\"@type\":\"CommentAction\",\"name\":\"Comment\",\"target\":[\"https:\/\/andorinhacultural.com.br\/index.php\/2026\/04\/24\/publico-andorinha-cultural-ouro-preto\/#respond\"]}]},{\"@type\":\"WebPage\",\"@id\":\"https:\/\/andorinhacultural.com.br\/index.php\/2026\/04\/24\/publico-andorinha-cultural-ouro-preto\/\",\"url\":\"https:\/\/andorinhacultural.com.br\/index.php\/2026\/04\/24\/publico-andorinha-cultural-ouro-preto\/\",\"name\":\"Andorinha Cultural re\u00fane p\u00fablico de diversas regi\u00f5es do mundo\",\"isPartOf\":{\"@id\":\"https:\/\/andorinhacultural.com.br\/#website\"},\"primaryImageOfPage\":{\"@id\":\"https:\/\/andorinhacultural.com.br\/index.php\/2026\/04\/24\/publico-andorinha-cultural-ouro-preto\/#primaryimage\"},\"image\":{\"@id\":\"https:\/\/andorinhacultural.com.br\/index.php\/2026\/04\/24\/publico-andorinha-cultural-ouro-preto\/#primaryimage\"},\"thumbnailUrl\":\"https:\/\/andorinhacultural.com.br\/wp-content\/uploads\/2026\/04\/laura-catarina-ane-souz.jpg\",\"datePublished\":\"2026-04-24T14:58:44+00:00\",\"dateModified\":\"2026-04-24T14:58:45+00:00\",\"description\":\"O Ouro Preto se consolidou, mais uma vez, como um importante destino cultural e tur\u00edstico com a realiza\u00e7\u00e3o do Andorinha Cultural.\",\"breadcrumb\":{\"@id\":\"https:\/\/andorinhacultural.com.br\/index.php\/2026\/04\/24\/publico-andorinha-cultural-ouro-preto\/#breadcrumb\"},\"inLanguage\":\"pt-BR\",\"potentialAction\":[{\"@type\":\"ReadAction\",\"target\":[\"https:\/\/andorinhacultural.com.br\/index.php\/2026\/04\/24\/publico-andorinha-cultural-ouro-preto\/\"]}]},{\"@type\":\"ImageObject\",\"inLanguage\":\"pt-BR\",\"@id\":\"https:\/\/andorinhacultural.com.br\/index.php\/2026\/04\/24\/publico-andorinha-cultural-ouro-preto\/#primaryimage\",\"url\":\"https:\/\/andorinhacultural.com.br\/wp-content\/uploads\/2026\/04\/laura-catarina-ane-souz.jpg\",\"contentUrl\":\"https:\/\/andorinhacultural.com.br\/wp-content\/uploads\/2026\/04\/laura-catarina-ane-souz.jpg\",\"width\":1500,\"height\":1000,\"caption\":\"Andorinha Cultural re\u00fane p\u00fablico de diversas regi\u00f5es do mundo em um fim de semana de bem-estar, m\u00fasica e movimento\"},{\"@type\":\"BreadcrumbList\",\"@id\":\"https:\/\/andorinhacultural.com.br\/index.php\/2026\/04\/24\/publico-andorinha-cultural-ouro-preto\/#breadcrumb\",\"itemListElement\":[{\"@type\":\"ListItem\",\"position\":1,\"name\":\"Home\",\"item\":\"https:\/\/andorinhacultural.com.br\/\"},{\"@type\":\"ListItem\",\"position\":2,\"name\":\"Andorinha Cultural re\u00fane p\u00fablico de diversas regi\u00f5es do mundo em um fim de semana de bem-estar, m\u00fasica e movimento\"}]},{\"@type\":\"WebSite\",\"@id\":\"https:\/\/andorinhacultural.com.br\/#website\",\"url\":\"https:\/\/andorinhacultural.com.br\/\",\"name\":\"Arte e Cultura no Parque das Andorinhas\",\"description\":\"\",\"publisher\":{\"@id\":\"https:\/\/andorinhacultural.com.br\/#organization\"},\"potentialAction\":[{\"@type\":\"SearchAction\",\"target\":{\"@type\":\"EntryPoint\",\"urlTemplate\":\"https:\/\/andorinhacultural.com.br\/?s={search_term_string}\"},\"query-input\":\"required name=search_term_string\"}],\"inLanguage\":\"pt-BR\"},{\"@type\":\"Organization\",\"@id\":\"https:\/\/andorinhacultural.com.br\/#organization\",\"name\":\"Arte e Cultura no Parque das Andorinhas\",\"url\":\"https:\/\/andorinhacultural.com.br\/\",\"logo\":{\"@type\":\"ImageObject\",\"inLanguage\":\"pt-BR\",\"@id\":\"https:\/\/andorinhacultural.com.br\/#\/schema\/logo\/image\/\",\"url\":\"https:\/\/andorinhacultural.com.br\/wp-content\/uploads\/2026\/02\/cropped-logo_parque_andorinhas-300x180-1.png\",\"contentUrl\":\"https:\/\/andorinhacultural.com.br\/wp-content\/uploads\/2026\/02\/cropped-logo_parque_andorinhas-300x180-1.png\",\"width\":300,\"height\":180,\"caption\":\"Arte e Cultura no Parque das Andorinhas\"},\"image\":{\"@id\":\"https:\/\/andorinhacultural.com.br\/#\/schema\/logo\/image\/\"}},{\"@type\":\"Person\",\"@id\":\"https:\/\/andorinhacultural.com.br\/#\/schema\/person\/5feaf931f60c56733ff684658f052af3\",\"name\":\"andorinhacultural.com.br\",\"image\":{\"@type\":\"ImageObject\",\"inLanguage\":\"pt-BR\",\"@id\":\"https:\/\/andorinhacultural.com.br\/#\/schema\/person\/image\/\",\"url\":\"https:\/\/secure.gravatar.com\/avatar\/362e56bb7e0b40c3878e5c84bc4725d8?s=96&d=mm&r=g\",\"contentUrl\":\"https:\/\/secure.gravatar.com\/avatar\/362e56bb7e0b40c3878e5c84bc4725d8?s=96&d=mm&r=g\",\"caption\":\"andorinhacultural.com.br\"},\"sameAs\":[\"http:\/\/andorinhacultural.com.br\"],\"url\":\"https:\/\/andorinhacultural.com.br\/index.php\/author\/andorinhacultural-com-br\/\"}]}<\/script>\n<!-- \/ Yoast SEO plugin. -->","yoast_head_json":{"title":"Andorinha Cultural re\u00fane p\u00fablico de diversas regi\u00f5es do mundo","description":"O Ouro Preto se consolidou, mais uma vez, como um importante destino cultural e tur\u00edstico com a realiza\u00e7\u00e3o do Andorinha Cultural.","robots":{"index":"index","follow":"follow","max-snippet":"max-snippet:-1","max-image-preview":"max-image-preview:large","max-video-preview":"max-video-preview:-1"},"canonical":"https:\/\/andorinhacultural.com.br\/index.php\/2026\/04\/24\/publico-andorinha-cultural-ouro-preto\/","og_locale":"pt_BR","og_type":"article","og_title":"Andorinha Cultural re\u00fane p\u00fablico de diversas regi\u00f5es do mundo","og_description":"O Ouro Preto se consolidou, mais uma vez, como um importante destino cultural e tur\u00edstico com a realiza\u00e7\u00e3o do Andorinha Cultural.","og_url":"https:\/\/andorinhacultural.com.br\/index.php\/2026\/04\/24\/publico-andorinha-cultural-ouro-preto\/","og_site_name":"Arte e Cultura no Parque das Andorinhas","article_published_time":"2026-04-24T14:58:44+00:00","article_modified_time":"2026-04-24T14:58:45+00:00","og_image":[{"width":1500,"height":1000,"url":"http:\/\/andorinhacultural.com.br\/wp-content\/uploads\/2026\/04\/laura-catarina-ane-souz.jpg","type":"image\/jpeg"}],"author":"andorinhacultural.com.br","twitter_card":"summary_large_image","twitter_misc":{"Escrito por":"andorinhacultural.com.br","Est. tempo de leitura":"7 minutos"},"schema":{"@context":"https:\/\/schema.org","@graph":[{"@type":"Article","@id":"https:\/\/andorinhacultural.com.br\/index.php\/2026\/04\/24\/publico-andorinha-cultural-ouro-preto\/#article","isPartOf":{"@id":"https:\/\/andorinhacultural.com.br\/index.php\/2026\/04\/24\/publico-andorinha-cultural-ouro-preto\/"},"author":{"name":"andorinhacultural.com.br","@id":"https:\/\/andorinhacultural.com.br\/#\/schema\/person\/5feaf931f60c56733ff684658f052af3"},"headline":"Andorinha Cultural re\u00fane p\u00fablico de diversas regi\u00f5es do mundo em um fim de semana de bem-estar, m\u00fasica e movimento","datePublished":"2026-04-24T14:58:44+00:00","dateModified":"2026-04-24T14:58:45+00:00","mainEntityOfPage":{"@id":"https:\/\/andorinhacultural.com.br\/index.php\/2026\/04\/24\/publico-andorinha-cultural-ouro-preto\/"},"wordCount":1323,"commentCount":0,"publisher":{"@id":"https:\/\/andorinhacultural.com.br\/#organization"},"image":{"@id":"https:\/\/andorinhacultural.com.br\/index.php\/2026\/04\/24\/publico-andorinha-cultural-ouro-preto\/#primaryimage"},"thumbnailUrl":"https:\/\/andorinhacultural.com.br\/wp-content\/uploads\/2026\/04\/laura-catarina-ane-souz.jpg","articleSection":["Blog"],"inLanguage":"pt-BR","potentialAction":[{"@type":"CommentAction","name":"Comment","target":["https:\/\/andorinhacultural.com.br\/index.php\/2026\/04\/24\/publico-andorinha-cultural-ouro-preto\/#respond"]}]},{"@type":"WebPage","@id":"https:\/\/andorinhacultural.com.br\/index.php\/2026\/04\/24\/publico-andorinha-cultural-ouro-preto\/","url":"https:\/\/andorinhacultural.com.br\/index.php\/2026\/04\/24\/publico-andorinha-cultural-ouro-preto\/","name":"Andorinha Cultural re\u00fane p\u00fablico de diversas regi\u00f5es do mundo","isPartOf":{"@id":"https:\/\/andorinhacultural.com.br\/#website"},"primaryImageOfPage":{"@id":"https:\/\/andorinhacultural.com.br\/index.php\/2026\/04\/24\/publico-andorinha-cultural-ouro-preto\/#primaryimage"},"image":{"@id":"https:\/\/andorinhacultural.com.br\/index.php\/2026\/04\/24\/publico-andorinha-cultural-ouro-preto\/#primaryimage"},"thumbnailUrl":"https:\/\/andorinhacultural.com.br\/wp-content\/uploads\/2026\/04\/laura-catarina-ane-souz.jpg","datePublished":"2026-04-24T14:58:44+00:00","dateModified":"2026-04-24T14:58:45+00:00","description":"O Ouro Preto se consolidou, mais uma vez, como um importante destino cultural e tur\u00edstico com a realiza\u00e7\u00e3o do Andorinha Cultural.","breadcrumb":{"@id":"https:\/\/andorinhacultural.com.br\/index.php\/2026\/04\/24\/publico-andorinha-cultural-ouro-preto\/#breadcrumb"},"inLanguage":"pt-BR","potentialAction":[{"@type":"ReadAction","target":["https:\/\/andorinhacultural.com.br\/index.php\/2026\/04\/24\/publico-andorinha-cultural-ouro-preto\/"]}]},{"@type":"ImageObject","inLanguage":"pt-BR","@id":"https:\/\/andorinhacultural.com.br\/index.php\/2026\/04\/24\/publico-andorinha-cultural-ouro-preto\/#primaryimage","url":"https:\/\/andorinhacultural.com.br\/wp-content\/uploads\/2026\/04\/laura-catarina-ane-souz.jpg","contentUrl":"https:\/\/andorinhacultural.com.br\/wp-content\/uploads\/2026\/04\/laura-catarina-ane-souz.jpg","width":1500,"height":1000,"caption":"Andorinha Cultural re\u00fane p\u00fablico de diversas regi\u00f5es do mundo em um fim de semana de bem-estar, m\u00fasica e movimento"},{"@type":"BreadcrumbList","@id":"https:\/\/andorinhacultural.com.br\/index.php\/2026\/04\/24\/publico-andorinha-cultural-ouro-preto\/#breadcrumb","itemListElement":[{"@type":"ListItem","position":1,"name":"Home","item":"https:\/\/andorinhacultural.com.br\/"},{"@type":"ListItem","position":2,"name":"Andorinha Cultural re\u00fane p\u00fablico de diversas regi\u00f5es do mundo em um fim de semana de bem-estar, m\u00fasica e movimento"}]},{"@type":"WebSite","@id":"https:\/\/andorinhacultural.com.br\/#website","url":"https:\/\/andorinhacultural.com.br\/","name":"Arte e Cultura no Parque das Andorinhas","description":"","publisher":{"@id":"https:\/\/andorinhacultural.com.br\/#organization"},"potentialAction":[{"@type":"SearchAction","target":{"@type":"EntryPoint","urlTemplate":"https:\/\/andorinhacultural.com.br\/?s={search_term_string}"},"query-input":"required name=search_term_string"}],"inLanguage":"pt-BR"},{"@type":"Organization","@id":"https:\/\/andorinhacultural.com.br\/#organization","name":"Arte e Cultura no Parque das Andorinhas","url":"https:\/\/andorinhacultural.com.br\/","logo":{"@type":"ImageObject","inLanguage":"pt-BR","@id":"https:\/\/andorinhacultural.com.br\/#\/schema\/logo\/image\/","url":"https:\/\/andorinhacultural.com.br\/wp-content\/uploads\/2026\/02\/cropped-logo_parque_andorinhas-300x180-1.png","contentUrl":"https:\/\/andorinhacultural.com.br\/wp-content\/uploads\/2026\/02\/cropped-logo_parque_andorinhas-300x180-1.png","width":300,"height":180,"caption":"Arte e Cultura no Parque das Andorinhas"},"image":{"@id":"https:\/\/andorinhacultural.com.br\/#\/schema\/logo\/image\/"}},{"@type":"Person","@id":"https:\/\/andorinhacultural.com.br\/#\/schema\/person\/5feaf931f60c56733ff684658f052af3","name":"andorinhacultural.com.br","image":{"@type":"ImageObject","inLanguage":"pt-BR","@id":"https:\/\/andorinhacultural.com.br\/#\/schema\/person\/image\/","url":"https:\/\/secure.gravatar.com\/avatar\/362e56bb7e0b40c3878e5c84bc4725d8?s=96&d=mm&r=g","contentUrl":"https:\/\/secure.gravatar.com\/avatar\/362e56bb7e0b40c3878e5c84bc4725d8?s=96&d=mm&r=g","caption":"andorinhacultural.com.br"},"sameAs":["http:\/\/andorinhacultural.com.br"],"url":"https:\/\/andorinhacultural.com.br\/index.php\/author\/andorinhacultural-com-br\/"}]}},"_links":{"self":[{"href":"https:\/\/andorinhacultural.com.br\/index.php\/wp-json\/wp\/v2\/posts\/675"}],"collection":[{"href":"https:\/\/andorinhacultural.com.br\/index.php\/wp-json\/wp\/v2\/posts"}],"about":[{"href":"https:\/\/andorinhacultural.com.br\/index.php\/wp-json\/wp\/v2\/types\/post"}],"author":[{"embeddable":true,"href":"https:\/\/andorinhacultural.com.br\/index.php\/wp-json\/wp\/v2\/users\/1"}],"replies":[{"embeddable":true,"href":"https:\/\/andorinhacultural.com.br\/index.php\/wp-json\/wp\/v2\/comments?post=675"}],"version-history":[{"count":1,"href":"https:\/\/andorinhacultural.com.br\/index.php\/wp-json\/wp\/v2\/posts\/675\/revisions"}],"predecessor-version":[{"id":677,"href":"https:\/\/andorinhacultural.com.br\/index.php\/wp-json\/wp\/v2\/posts\/675\/revisions\/677"}],"wp:featuredmedia":[{"embeddable":true,"href":"https:\/\/andorinhacultural.com.br\/index.php\/wp-json\/wp\/v2\/media\/676"}],"wp:attachment":[{"href":"https:\/\/andorinhacultural.com.br\/index.php\/wp-json\/wp\/v2\/media?parent=675"}],"wp:term":[{"taxonomy":"category","embeddable":true,"href":"https:\/\/andorinhacultural.com.br\/index.php\/wp-json\/wp\/v2\/categories?post=675"},{"taxonomy":"post_tag","embeddable":true,"href":"https:\/\/andorinhacultural.com.br\/index.php\/wp-json\/wp\/v2\/tags?post=675"}],"curies":[{"name":"wp","href":"https:\/\/api.w.org\/{rel}","templated":true}]}}