{"id":653,"date":"2026-02-21T10:55:59","date_gmt":"2026-02-21T13:55:59","guid":{"rendered":"https:\/\/andorinhacultural.com.br\/?p=653"},"modified":"2026-02-21T10:56:00","modified_gmt":"2026-02-21T13:56:00","slug":"edital-andorinha-cultural","status":"publish","type":"post","link":"https:\/\/andorinhacultural.com.br\/index.php\/2026\/02\/21\/edital-andorinha-cultural\/","title":{"rendered":"Inscri\u00e7\u00f5es abertas para artistas no Festival Andorinha Cultural em Ouro Preto"},"content":{"rendered":"\n<p>Est\u00e3o oficialmente abertas as inscri\u00e7\u00f5es para artistas interessados em compor a programa\u00e7\u00e3o do projeto Arte e Cultura no Parque das Andorinhas \u2013 3\u00aa edi\u00e7\u00e3o, que ser\u00e1 realizado no Parque Natural Municipal das Andorinhas, em Ouro Preto (MG), importante unidade de conserva\u00e7\u00e3o e nascente do Rio das Velhas.<\/p>\n\n\n\n<p>O edital de chamamento p\u00fablico contempla atra\u00e7\u00f5es nas seguintes categorias:<\/p>\n\n\n\n<ul>\n<li>Andorinha Instrumental \u2013 M\u00fasica instrumental (cach\u00ea R$ 2.000,00);<\/li>\n\n\n\n<li>Choro das Andorinhas \u2013 Chorinho e valoriza\u00e7\u00e3o da m\u00fasica brasileira de raiz (cach\u00ea R$ 2.000,00);<\/li>\n\n\n\n<li>Canto da Andorinha \u2013 Corais da regi\u00e3o (cach\u00ea R$ 1.500,00);<\/li>\n\n\n\n<li>Teatro das Andorinhas \u2013 Espet\u00e1culos teatrais, com prioridade para tem\u00e1tica ambiental (cach\u00ea R$ 2.000,00).<\/li>\n<\/ul>\n\n\n\n<p>O edital permanece aberto por prazo indeterminado, e as atra\u00e7\u00f5es ser\u00e3o selecionadas de acordo com a demanda art\u00edstica de cada edi\u00e7\u00e3o do evento. Podem se inscrever grupos e artistas representados por pessoa jur\u00eddica com CNPJ ativo e regular, apto \u00e0 emiss\u00e3o de nota fiscal. N\u00e3o ser\u00e3o realizadas contrata\u00e7\u00f5es via CPF. O edital est\u00e1 dispon\u00edvel<a href=\"https:\/\/drive.google.com\/file\/d\/1oeAzbWTt1WZMNd8fb2OhXYtFjiMVFL-o\/view\"> AQUI<\/a><\/p>\n\n\n\n<p>Segundo Gilson Martins, coordenador do projeto e diretor da Holofote, a proposta \u00e9 ampliar oportunidades e fortalecer a cena art\u00edstica regional. &#8220;O Arte e Cultura no Parque das Andorinhas nasce do encontro entre natureza e express\u00e3o art\u00edstica. Queremos que m\u00fasicos, corais e grupos de teatro da regi\u00e3o ocupem esse espa\u00e7o com qualidade e sensibilidade, valorizando o territ\u00f3rio e promovendo acesso gratuito \u00e0 cultura em um dos cen\u00e1rios mais simb\u00f3licos de Ouro Preto\u201d, destaca Gilson.<\/p>\n\n\n\n<p>O Arte e Cultura no Parque das Andorinhas \u2013 3\u00aa edi\u00e7\u00e3o tem patroc\u00ednio master da Vale por meio da Lei Rouanet, gest\u00e3o da Holofote Comunica\u00e7\u00e3o e Cultura, e realiza\u00e7\u00e3o da Prefeitura de Ouro Preto, Funda\u00e7\u00e3o Gorceix, Minist\u00e9rio da Cultura e Governo Federal. Mais informa\u00e7\u00f5es e acesso ao edital completo est\u00e3o dispon\u00edveis no site oficial.<\/p>\n\n\n\n<h2 class=\"wp-block-heading\"><strong>Sobre o Andorinha Cultural<\/strong><\/h2>\n\n\n\n<p>A terceira edi\u00e7\u00e3o do Arte e Cultura no Parque das Andorinhas \u2013 Andorinha Cultural prop\u00f5e uma programa\u00e7\u00e3o cultural diversificada e gratuita em Ouro Preto (MG), integrando cultura, meio ambiente e inclus\u00e3o social.<\/p>\n\n\n\n<p>A iniciativa re\u00fane apresenta\u00e7\u00f5es musicais (chorinho, m\u00fasica instrumental e canto coral), espet\u00e1culos teatrais e feira de gastronomia e artesanato, promovendo a ocupa\u00e7\u00e3o cultural consciente de um dos espa\u00e7os naturais mais emblem\u00e1ticos da regi\u00e3o.<\/p>\n\n\n\n<p>Todas as atividades s\u00e3o gratuitas e contam com recursos de acessibilidade, incluindo int\u00e9rprete de Libras, material em braille e monitoria para pessoas com defici\u00eancia, garantindo acesso democr\u00e1tico \u00e0 cultura em di\u00e1logo com a preserva\u00e7\u00e3o ambiental.<\/p>\n","protected":false},"excerpt":{"rendered":"<p>Est\u00e3o oficialmente abertas as inscri\u00e7\u00f5es para artistas interessados em compor a programa\u00e7\u00e3o do projeto Arte e Cultura no Parque das Andorinhas \u2013 3\u00aa edi\u00e7\u00e3o, que ser\u00e1 realizado no Parque Natural&#8230;<\/p>\n","protected":false},"author":1,"featured_media":654,"comment_status":"open","ping_status":"open","sticky":false,"template":"","format":"standard","meta":{"footnotes":""},"categories":[1],"tags":[],"yoast_head":"<!-- This site is optimized with the Yoast SEO plugin v23.0 - https:\/\/yoast.com\/wordpress\/plugins\/seo\/ -->\n<title>Inscri\u00e7\u00f5es abertas para edital do Festival Andorinha Cultural<\/title>\n<meta name=\"description\" content=\"Est\u00e3o abertas as inscri\u00e7\u00f5es para artistas interessados em compor a programa\u00e7\u00e3o do projeto Arte e Cultura no Parque das Andorinhas.\" \/>\n<meta name=\"robots\" content=\"index, follow, max-snippet:-1, max-image-preview:large, max-video-preview:-1\" \/>\n<link rel=\"canonical\" href=\"https:\/\/andorinhacultural.com.br\/index.php\/2026\/02\/21\/edital-andorinha-cultural\/\" \/>\n<meta property=\"og:locale\" content=\"pt_BR\" \/>\n<meta property=\"og:type\" content=\"article\" \/>\n<meta property=\"og:title\" content=\"Inscri\u00e7\u00f5es abertas para edital do Festival Andorinha Cultural\" \/>\n<meta property=\"og:description\" content=\"Est\u00e3o abertas as inscri\u00e7\u00f5es para artistas interessados em compor a programa\u00e7\u00e3o do projeto Arte e Cultura no Parque das Andorinhas.\" \/>\n<meta property=\"og:url\" content=\"https:\/\/andorinhacultural.com.br\/index.php\/2026\/02\/21\/edital-andorinha-cultural\/\" \/>\n<meta property=\"og:site_name\" content=\"Arte e Cultura no Parque das Andorinhas\" \/>\n<meta property=\"article:published_time\" content=\"2026-02-21T13:55:59+00:00\" \/>\n<meta property=\"article:modified_time\" content=\"2026-02-21T13:56:00+00:00\" \/>\n<meta property=\"og:image\" content=\"http:\/\/andorinhacultural.com.br\/wp-content\/uploads\/2026\/02\/Andorinhas-Cultural01_Ane-Souz.jpg\" \/>\n\t<meta property=\"og:image:width\" content=\"2500\" \/>\n\t<meta property=\"og:image:height\" content=\"1667\" \/>\n\t<meta property=\"og:image:type\" content=\"image\/jpeg\" \/>\n<meta name=\"author\" content=\"andorinhacultural.com.br\" \/>\n<meta name=\"twitter:card\" content=\"summary_large_image\" \/>\n<meta name=\"twitter:label1\" content=\"Escrito por\" \/>\n\t<meta name=\"twitter:data1\" content=\"andorinhacultural.com.br\" \/>\n\t<meta name=\"twitter:label2\" content=\"Est. tempo de leitura\" \/>\n\t<meta name=\"twitter:data2\" content=\"3 minutos\" \/>\n<script type=\"application\/ld+json\" class=\"yoast-schema-graph\">{\"@context\":\"https:\/\/schema.org\",\"@graph\":[{\"@type\":\"Article\",\"@id\":\"https:\/\/andorinhacultural.com.br\/index.php\/2026\/02\/21\/edital-andorinha-cultural\/#article\",\"isPartOf\":{\"@id\":\"https:\/\/andorinhacultural.com.br\/index.php\/2026\/02\/21\/edital-andorinha-cultural\/\"},\"author\":{\"name\":\"andorinhacultural.com.br\",\"@id\":\"https:\/\/andorinhacultural.com.br\/#\/schema\/person\/5feaf931f60c56733ff684658f052af3\"},\"headline\":\"Inscri\u00e7\u00f5es abertas para artistas no Festival Andorinha Cultural em Ouro Preto\",\"datePublished\":\"2026-02-21T13:55:59+00:00\",\"dateModified\":\"2026-02-21T13:56:00+00:00\",\"mainEntityOfPage\":{\"@id\":\"https:\/\/andorinhacultural.com.br\/index.php\/2026\/02\/21\/edital-andorinha-cultural\/\"},\"wordCount\":446,\"commentCount\":1,\"publisher\":{\"@id\":\"https:\/\/andorinhacultural.com.br\/#organization\"},\"image\":{\"@id\":\"https:\/\/andorinhacultural.com.br\/index.php\/2026\/02\/21\/edital-andorinha-cultural\/#primaryimage\"},\"thumbnailUrl\":\"https:\/\/andorinhacultural.com.br\/wp-content\/uploads\/2026\/02\/Andorinhas-Cultural01_Ane-Souz.jpg\",\"articleSection\":[\"Blog\"],\"inLanguage\":\"pt-BR\",\"potentialAction\":[{\"@type\":\"CommentAction\",\"name\":\"Comment\",\"target\":[\"https:\/\/andorinhacultural.com.br\/index.php\/2026\/02\/21\/edital-andorinha-cultural\/#respond\"]}]},{\"@type\":\"WebPage\",\"@id\":\"https:\/\/andorinhacultural.com.br\/index.php\/2026\/02\/21\/edital-andorinha-cultural\/\",\"url\":\"https:\/\/andorinhacultural.com.br\/index.php\/2026\/02\/21\/edital-andorinha-cultural\/\",\"name\":\"Inscri\u00e7\u00f5es abertas para edital do Festival Andorinha Cultural\",\"isPartOf\":{\"@id\":\"https:\/\/andorinhacultural.com.br\/#website\"},\"primaryImageOfPage\":{\"@id\":\"https:\/\/andorinhacultural.com.br\/index.php\/2026\/02\/21\/edital-andorinha-cultural\/#primaryimage\"},\"image\":{\"@id\":\"https:\/\/andorinhacultural.com.br\/index.php\/2026\/02\/21\/edital-andorinha-cultural\/#primaryimage\"},\"thumbnailUrl\":\"https:\/\/andorinhacultural.com.br\/wp-content\/uploads\/2026\/02\/Andorinhas-Cultural01_Ane-Souz.jpg\",\"datePublished\":\"2026-02-21T13:55:59+00:00\",\"dateModified\":\"2026-02-21T13:56:00+00:00\",\"description\":\"Est\u00e3o abertas as inscri\u00e7\u00f5es para artistas interessados em compor a programa\u00e7\u00e3o do projeto Arte e Cultura no Parque das Andorinhas.\",\"breadcrumb\":{\"@id\":\"https:\/\/andorinhacultural.com.br\/index.php\/2026\/02\/21\/edital-andorinha-cultural\/#breadcrumb\"},\"inLanguage\":\"pt-BR\",\"potentialAction\":[{\"@type\":\"ReadAction\",\"target\":[\"https:\/\/andorinhacultural.com.br\/index.php\/2026\/02\/21\/edital-andorinha-cultural\/\"]}]},{\"@type\":\"ImageObject\",\"inLanguage\":\"pt-BR\",\"@id\":\"https:\/\/andorinhacultural.com.br\/index.php\/2026\/02\/21\/edital-andorinha-cultural\/#primaryimage\",\"url\":\"https:\/\/andorinhacultural.com.br\/wp-content\/uploads\/2026\/02\/Andorinhas-Cultural01_Ane-Souz.jpg\",\"contentUrl\":\"https:\/\/andorinhacultural.com.br\/wp-content\/uploads\/2026\/02\/Andorinhas-Cultural01_Ane-Souz.jpg\",\"width\":2500,\"height\":1667,\"caption\":\"Inscri\u00e7\u00f5es abertas para artistas no Festival Andorinha Cultural em Ouro Preto\"},{\"@type\":\"BreadcrumbList\",\"@id\":\"https:\/\/andorinhacultural.com.br\/index.php\/2026\/02\/21\/edital-andorinha-cultural\/#breadcrumb\",\"itemListElement\":[{\"@type\":\"ListItem\",\"position\":1,\"name\":\"Home\",\"item\":\"https:\/\/andorinhacultural.com.br\/\"},{\"@type\":\"ListItem\",\"position\":2,\"name\":\"Inscri\u00e7\u00f5es abertas para artistas no Festival Andorinha Cultural em Ouro Preto\"}]},{\"@type\":\"WebSite\",\"@id\":\"https:\/\/andorinhacultural.com.br\/#website\",\"url\":\"https:\/\/andorinhacultural.com.br\/\",\"name\":\"Arte e Cultura no Parque das Andorinhas\",\"description\":\"\",\"publisher\":{\"@id\":\"https:\/\/andorinhacultural.com.br\/#organization\"},\"potentialAction\":[{\"@type\":\"SearchAction\",\"target\":{\"@type\":\"EntryPoint\",\"urlTemplate\":\"https:\/\/andorinhacultural.com.br\/?s={search_term_string}\"},\"query-input\":\"required name=search_term_string\"}],\"inLanguage\":\"pt-BR\"},{\"@type\":\"Organization\",\"@id\":\"https:\/\/andorinhacultural.com.br\/#organization\",\"name\":\"Arte e Cultura no Parque das Andorinhas\",\"url\":\"https:\/\/andorinhacultural.com.br\/\",\"logo\":{\"@type\":\"ImageObject\",\"inLanguage\":\"pt-BR\",\"@id\":\"https:\/\/andorinhacultural.com.br\/#\/schema\/logo\/image\/\",\"url\":\"https:\/\/andorinhacultural.com.br\/wp-content\/uploads\/2026\/02\/cropped-logo_parque_andorinhas-300x180-1.png\",\"contentUrl\":\"https:\/\/andorinhacultural.com.br\/wp-content\/uploads\/2026\/02\/cropped-logo_parque_andorinhas-300x180-1.png\",\"width\":300,\"height\":180,\"caption\":\"Arte e Cultura no Parque das Andorinhas\"},\"image\":{\"@id\":\"https:\/\/andorinhacultural.com.br\/#\/schema\/logo\/image\/\"}},{\"@type\":\"Person\",\"@id\":\"https:\/\/andorinhacultural.com.br\/#\/schema\/person\/5feaf931f60c56733ff684658f052af3\",\"name\":\"andorinhacultural.com.br\",\"image\":{\"@type\":\"ImageObject\",\"inLanguage\":\"pt-BR\",\"@id\":\"https:\/\/andorinhacultural.com.br\/#\/schema\/person\/image\/\",\"url\":\"https:\/\/secure.gravatar.com\/avatar\/362e56bb7e0b40c3878e5c84bc4725d8?s=96&d=mm&r=g\",\"contentUrl\":\"https:\/\/secure.gravatar.com\/avatar\/362e56bb7e0b40c3878e5c84bc4725d8?s=96&d=mm&r=g\",\"caption\":\"andorinhacultural.com.br\"},\"sameAs\":[\"http:\/\/andorinhacultural.com.br\"],\"url\":\"https:\/\/andorinhacultural.com.br\/index.php\/author\/andorinhacultural-com-br\/\"}]}<\/script>\n<!-- \/ Yoast SEO plugin. -->","yoast_head_json":{"title":"Inscri\u00e7\u00f5es abertas para edital do Festival Andorinha Cultural","description":"Est\u00e3o abertas as inscri\u00e7\u00f5es para artistas interessados em compor a programa\u00e7\u00e3o do projeto Arte e Cultura no Parque das Andorinhas.","robots":{"index":"index","follow":"follow","max-snippet":"max-snippet:-1","max-image-preview":"max-image-preview:large","max-video-preview":"max-video-preview:-1"},"canonical":"https:\/\/andorinhacultural.com.br\/index.php\/2026\/02\/21\/edital-andorinha-cultural\/","og_locale":"pt_BR","og_type":"article","og_title":"Inscri\u00e7\u00f5es abertas para edital do Festival Andorinha Cultural","og_description":"Est\u00e3o abertas as inscri\u00e7\u00f5es para artistas interessados em compor a programa\u00e7\u00e3o do projeto Arte e Cultura no Parque das Andorinhas.","og_url":"https:\/\/andorinhacultural.com.br\/index.php\/2026\/02\/21\/edital-andorinha-cultural\/","og_site_name":"Arte e Cultura no Parque das Andorinhas","article_published_time":"2026-02-21T13:55:59+00:00","article_modified_time":"2026-02-21T13:56:00+00:00","og_image":[{"width":2500,"height":1667,"url":"http:\/\/andorinhacultural.com.br\/wp-content\/uploads\/2026\/02\/Andorinhas-Cultural01_Ane-Souz.jpg","type":"image\/jpeg"}],"author":"andorinhacultural.com.br","twitter_card":"summary_large_image","twitter_misc":{"Escrito por":"andorinhacultural.com.br","Est. tempo de leitura":"3 minutos"},"schema":{"@context":"https:\/\/schema.org","@graph":[{"@type":"Article","@id":"https:\/\/andorinhacultural.com.br\/index.php\/2026\/02\/21\/edital-andorinha-cultural\/#article","isPartOf":{"@id":"https:\/\/andorinhacultural.com.br\/index.php\/2026\/02\/21\/edital-andorinha-cultural\/"},"author":{"name":"andorinhacultural.com.br","@id":"https:\/\/andorinhacultural.com.br\/#\/schema\/person\/5feaf931f60c56733ff684658f052af3"},"headline":"Inscri\u00e7\u00f5es abertas para artistas no Festival Andorinha Cultural em Ouro Preto","datePublished":"2026-02-21T13:55:59+00:00","dateModified":"2026-02-21T13:56:00+00:00","mainEntityOfPage":{"@id":"https:\/\/andorinhacultural.com.br\/index.php\/2026\/02\/21\/edital-andorinha-cultural\/"},"wordCount":446,"commentCount":1,"publisher":{"@id":"https:\/\/andorinhacultural.com.br\/#organization"},"image":{"@id":"https:\/\/andorinhacultural.com.br\/index.php\/2026\/02\/21\/edital-andorinha-cultural\/#primaryimage"},"thumbnailUrl":"https:\/\/andorinhacultural.com.br\/wp-content\/uploads\/2026\/02\/Andorinhas-Cultural01_Ane-Souz.jpg","articleSection":["Blog"],"inLanguage":"pt-BR","potentialAction":[{"@type":"CommentAction","name":"Comment","target":["https:\/\/andorinhacultural.com.br\/index.php\/2026\/02\/21\/edital-andorinha-cultural\/#respond"]}]},{"@type":"WebPage","@id":"https:\/\/andorinhacultural.com.br\/index.php\/2026\/02\/21\/edital-andorinha-cultural\/","url":"https:\/\/andorinhacultural.com.br\/index.php\/2026\/02\/21\/edital-andorinha-cultural\/","name":"Inscri\u00e7\u00f5es abertas para edital do Festival Andorinha Cultural","isPartOf":{"@id":"https:\/\/andorinhacultural.com.br\/#website"},"primaryImageOfPage":{"@id":"https:\/\/andorinhacultural.com.br\/index.php\/2026\/02\/21\/edital-andorinha-cultural\/#primaryimage"},"image":{"@id":"https:\/\/andorinhacultural.com.br\/index.php\/2026\/02\/21\/edital-andorinha-cultural\/#primaryimage"},"thumbnailUrl":"https:\/\/andorinhacultural.com.br\/wp-content\/uploads\/2026\/02\/Andorinhas-Cultural01_Ane-Souz.jpg","datePublished":"2026-02-21T13:55:59+00:00","dateModified":"2026-02-21T13:56:00+00:00","description":"Est\u00e3o abertas as inscri\u00e7\u00f5es para artistas interessados em compor a programa\u00e7\u00e3o do projeto Arte e Cultura no Parque das Andorinhas.","breadcrumb":{"@id":"https:\/\/andorinhacultural.com.br\/index.php\/2026\/02\/21\/edital-andorinha-cultural\/#breadcrumb"},"inLanguage":"pt-BR","potentialAction":[{"@type":"ReadAction","target":["https:\/\/andorinhacultural.com.br\/index.php\/2026\/02\/21\/edital-andorinha-cultural\/"]}]},{"@type":"ImageObject","inLanguage":"pt-BR","@id":"https:\/\/andorinhacultural.com.br\/index.php\/2026\/02\/21\/edital-andorinha-cultural\/#primaryimage","url":"https:\/\/andorinhacultural.com.br\/wp-content\/uploads\/2026\/02\/Andorinhas-Cultural01_Ane-Souz.jpg","contentUrl":"https:\/\/andorinhacultural.com.br\/wp-content\/uploads\/2026\/02\/Andorinhas-Cultural01_Ane-Souz.jpg","width":2500,"height":1667,"caption":"Inscri\u00e7\u00f5es abertas para artistas no Festival Andorinha Cultural em Ouro Preto"},{"@type":"BreadcrumbList","@id":"https:\/\/andorinhacultural.com.br\/index.php\/2026\/02\/21\/edital-andorinha-cultural\/#breadcrumb","itemListElement":[{"@type":"ListItem","position":1,"name":"Home","item":"https:\/\/andorinhacultural.com.br\/"},{"@type":"ListItem","position":2,"name":"Inscri\u00e7\u00f5es abertas para artistas no Festival Andorinha Cultural em Ouro Preto"}]},{"@type":"WebSite","@id":"https:\/\/andorinhacultural.com.br\/#website","url":"https:\/\/andorinhacultural.com.br\/","name":"Arte e Cultura no Parque das Andorinhas","description":"","publisher":{"@id":"https:\/\/andorinhacultural.com.br\/#organization"},"potentialAction":[{"@type":"SearchAction","target":{"@type":"EntryPoint","urlTemplate":"https:\/\/andorinhacultural.com.br\/?s={search_term_string}"},"query-input":"required name=search_term_string"}],"inLanguage":"pt-BR"},{"@type":"Organization","@id":"https:\/\/andorinhacultural.com.br\/#organization","name":"Arte e Cultura no Parque das Andorinhas","url":"https:\/\/andorinhacultural.com.br\/","logo":{"@type":"ImageObject","inLanguage":"pt-BR","@id":"https:\/\/andorinhacultural.com.br\/#\/schema\/logo\/image\/","url":"https:\/\/andorinhacultural.com.br\/wp-content\/uploads\/2026\/02\/cropped-logo_parque_andorinhas-300x180-1.png","contentUrl":"https:\/\/andorinhacultural.com.br\/wp-content\/uploads\/2026\/02\/cropped-logo_parque_andorinhas-300x180-1.png","width":300,"height":180,"caption":"Arte e Cultura no Parque das Andorinhas"},"image":{"@id":"https:\/\/andorinhacultural.com.br\/#\/schema\/logo\/image\/"}},{"@type":"Person","@id":"https:\/\/andorinhacultural.com.br\/#\/schema\/person\/5feaf931f60c56733ff684658f052af3","name":"andorinhacultural.com.br","image":{"@type":"ImageObject","inLanguage":"pt-BR","@id":"https:\/\/andorinhacultural.com.br\/#\/schema\/person\/image\/","url":"https:\/\/secure.gravatar.com\/avatar\/362e56bb7e0b40c3878e5c84bc4725d8?s=96&d=mm&r=g","contentUrl":"https:\/\/secure.gravatar.com\/avatar\/362e56bb7e0b40c3878e5c84bc4725d8?s=96&d=mm&r=g","caption":"andorinhacultural.com.br"},"sameAs":["http:\/\/andorinhacultural.com.br"],"url":"https:\/\/andorinhacultural.com.br\/index.php\/author\/andorinhacultural-com-br\/"}]}},"_links":{"self":[{"href":"https:\/\/andorinhacultural.com.br\/index.php\/wp-json\/wp\/v2\/posts\/653"}],"collection":[{"href":"https:\/\/andorinhacultural.com.br\/index.php\/wp-json\/wp\/v2\/posts"}],"about":[{"href":"https:\/\/andorinhacultural.com.br\/index.php\/wp-json\/wp\/v2\/types\/post"}],"author":[{"embeddable":true,"href":"https:\/\/andorinhacultural.com.br\/index.php\/wp-json\/wp\/v2\/users\/1"}],"replies":[{"embeddable":true,"href":"https:\/\/andorinhacultural.com.br\/index.php\/wp-json\/wp\/v2\/comments?post=653"}],"version-history":[{"count":1,"href":"https:\/\/andorinhacultural.com.br\/index.php\/wp-json\/wp\/v2\/posts\/653\/revisions"}],"predecessor-version":[{"id":655,"href":"https:\/\/andorinhacultural.com.br\/index.php\/wp-json\/wp\/v2\/posts\/653\/revisions\/655"}],"wp:featuredmedia":[{"embeddable":true,"href":"https:\/\/andorinhacultural.com.br\/index.php\/wp-json\/wp\/v2\/media\/654"}],"wp:attachment":[{"href":"https:\/\/andorinhacultural.com.br\/index.php\/wp-json\/wp\/v2\/media?parent=653"}],"wp:term":[{"taxonomy":"category","embeddable":true,"href":"https:\/\/andorinhacultural.com.br\/index.php\/wp-json\/wp\/v2\/categories?post=653"},{"taxonomy":"post_tag","embeddable":true,"href":"https:\/\/andorinhacultural.com.br\/index.php\/wp-json\/wp\/v2\/tags?post=653"}],"curies":[{"name":"wp","href":"https:\/\/api.w.org\/{rel}","templated":true}]}}