{"id":585,"date":"2024-06-01T16:32:41","date_gmt":"2024-06-01T19:32:41","guid":{"rendered":"https:\/\/andorinhacultural.com.br\/?p=585"},"modified":"2024-06-01T16:32:41","modified_gmt":"2024-06-01T19:32:41","slug":"parque-das-andorinhas-esporte-cultura-2024","status":"publish","type":"post","link":"https:\/\/andorinhacultural.com.br\/index.php\/2024\/06\/01\/parque-das-andorinhas-esporte-cultura-2024\/","title":{"rendered":"Parque das Andorinhas: Nascente do Rio das Velhas recebe evento esportivo e cultural"},"content":{"rendered":"\n<p>O Parque Natural Municipal das Andorinhas (PNMA) ser\u00e1 palco de muito esporte e divers\u00e3o para o p\u00fablico nos dias 8 e 9 de junho. O local vai receber a segunda edi\u00e7\u00e3o do Esporte e Cultura no Parque das Andorinhas, com a Abertura de Temporada de Montanha (ATM). A entrada para acompanhar o evento e todas as atividades \u00e9 gratuita.<\/p>\n\n\n\n<p>Praticantes de montanhismo, visitantes e a comunidade ouro-pretana poder\u00e3o participar das a\u00e7\u00f5es desenvolvidas no Parque Natural Municipal das Andorinhas, como oficinas de escalada esportiva, boulder, mountain bike, trekking, highline, corrida de montanha e rapel, al\u00e9m de atividades livres e exibi\u00e7\u00e3o de v\u00eddeos.<\/p>\n\n\n\n<p>O evento tem o objetivo de estimular a pr\u00e1tica de atividades esportivas ao ar livre, por meio da realiza\u00e7\u00e3o de &#8220;atividades f\u00edsicas em um ambiente altamente permiss\u00edvel, de intera\u00e7\u00f5es que v\u00e3o al\u00e9m do mundo acad\u00eamico&#8221;, promovendo a integra\u00e7\u00e3o entre a Universidade, a comunidade ouro-pretana e o Parque Nacional Municipal das Andorinhas, que sediar\u00e1 o evento.<\/p>\n\n\n\n<p>Um evento para toda fam\u00edlia, pois al\u00e9m do esporte, o evento ter\u00e1 cervejas especiais, gastronomia e shows com a dupla Dico e Dora, grupo Forropi\u00e1 e banda Equipe Rock. Em ritmo de festa junina, a Quadrilha P\u00e9 de Moleque, do bairro Santa Cruz, vai se apresentar no evento, levando muita tradi\u00e7\u00e3o e alegria.<\/p>\n\n\n\n<p>No s\u00e1bado, dia 8 de junho, o Parque ainda vai receber atividade para as crian\u00e7as de todas as idades com Futebol de sab\u00e3o, pula pula pequeno e grande, chute a gol, multiplay e piscina de bolinhas. Para animar, haver\u00e1 show da Binha e a Turma da Brincando de Brincar.<\/p>\n\n\n\n<p>No domingo, dia 9 de junho, o evento recebe a Feira do Produtor, que valoriza a agricultura familiar,&nbsp; incluindo artesanato singular, geleias, licores, doces, plantas exuberantes, hortali\u00e7as frescas e uma diversidade de alimentos saborosos.<\/p>\n\n\n\n<p>De acordo com Gilson Antunes, coordenador do evento e diretor da Holofote Cultural, ser\u00e1 um momento de alegria e contempla\u00e7\u00e3o da natureza. &#8220;Teremos shows de forr\u00f3, sertanejo, rock e infantil, brinquedos, feira da agropecu\u00e1ria e muito esporte que ser\u00e1 realizado nas trilhas do Parque das Andorinhas. Muitas pessoas, desde turistas e at\u00e9 mesmo moradores, n\u00e3o conhecem o parque, que fica a poucos quil\u00f4metros do centro hist\u00f3rico. A import\u00e2ncia do Turismo ecol\u00f3gico vai al\u00e9m da prote\u00e7\u00e3o da natureza, pois proporciona uma forte conex\u00e3o entre a fauna, a flora e o turista&#8221;, explica.<\/p>\n\n\n\n<p>\u201cO projeto Esporte e Cultura no Parque das Andorinhas vem celebrar essa importante unidade de conserva\u00e7\u00e3o, a mais visitada da regi\u00e3o dos Inconfidentes, qui\u00e7\u00e1 do campo das vertentes\u201d, afirma Chiquinho de Assis, secret\u00e1rio de Meio Ambiente, que explica que a\u00e7\u00f5es como essa mostram as muitas possibilidades de uso do parque respeitando o plano de manejo. \u201cConvidamos os moradores, turistas e visitantes para usufru\u00edrem das belezas naturais com esse tempero e esse charme cultural. Venham, curtam e nos ajude a preservar esse templo das \u00e1guas\u201d, ressalta Chiquinho.<\/p>\n\n\n\n<p>O \u201cEsporte e Cultura no Parque das Andorinhas\u201d \u00e9 uma realiza\u00e7\u00e3o da Prefeitura de Ouro Preto e Funda\u00e7\u00e3o Gorceix, com patroc\u00ednio da Herculano Minera\u00e7\u00e3o e produ\u00e7\u00e3o da Holofote Cultural e Instituto Rococ\u00f3.<\/p>\n\n\n\n<h2 class=\"wp-block-heading\"><strong>Inscri\u00e7\u00f5es para a Abertura de Temporada de Montanha (ATM)<\/strong><\/h2>\n\n\n\n<p>Os interessados devem realizar a inscri\u00e7\u00e3o pelo formul\u00e1rio <a href=\"https:\/\/forms.gle\/74hWrGnNGzwyL8Gs5\">https:\/\/forms.gle\/74hWrGnNGzwyL8Gs5<\/a> at\u00e9 durarem as vagas. No dia da atividade, \u00e9 necess\u00e1rio levar 1 kg de alimentos n\u00e3o perec\u00edveis. Para participar basta ter acima de 18 anos.<\/p>\n\n\n\n<h3 class=\"wp-block-heading\"><strong>Parque Natural Municipal das Andorinhas (PNMA)<\/strong><\/h3>\n\n\n\n<p>O parque foi criado em 1968 e abrangia uma \u00e1rea de um quil\u00f4metro de raio tendo como ponto central a pr\u00f3pria cachoeira das Andorinhas. Em 2005, a C\u00e2mara Municipal de Ouro Preto aprovou o projeto de Lei 69\u204405 estabelecendo novos limites para a Unidade de Conserva\u00e7\u00e3o (UC), que tamb\u00e9m passou a ser denominada de Parque Natural Municipal das Andorinhas (PNMA). Atualmente o Parque abrange uma \u00e1rea total de 557 hectares, e tem, entre outros, o objetivo de resguardar e proteger a flora, a fauna e demais recursos naturais (Lei 69, art. 4\u00ba, 2005).<\/p>\n\n\n\n<p>Na \u00e1rea do Parque est\u00e3o localizadas diversas quedas de \u00e1gua, e dentre elas, a de maior destaque e que d\u00e1 nome ao Parque que \u00e9 a Cachoeira das Andorinhas. Segundo relato de moradores este nome deve-se ao fato da ocorr\u00eancia de uma grande quantidade de andorinhas que se deslocam para o vale encaixado da cachoeira na \u00e9poca de reprodu\u00e7\u00e3o, construindo assim seus ninhos nas fendas dos afloramentos rochosos presentes na paisagem da cachoeira.<\/p>\n\n\n\n<p><strong>Palestra com Gustavo Athayde (SIME)<\/strong><\/p>\n\n\n\n<p>Gustavo Athayde faz parte da terceira gera\u00e7\u00e3o de montanhistas da fam\u00edlia, praticando montanhismo h\u00e1 mais de 25 anos. \u00c9 membro da Diretoria da SIME e atuou na Diretoria da Federa\u00e7\u00e3o por 5 anos, al\u00e9m de representar a institui\u00e7\u00e3o em diversos trabalhos relevantes, dentre eles, grupos de trabalho do ICMBio, IEF e Secretaria de Turismo do Estado de Minas Gerais. Representa tamb\u00e9m a FEMEMG nos Conselhos Consultivos do Par\u00e1, Serra do Gandarela, Floe Uaimii\/APA Cachoeira das Andorinhas e Parque e Parque Estadual do Itacolomi\/Esta\u00e7\u00e3o Ecol\u00f3gica do Tripu\u00ed. Organizou a ATM BH em 2018 e foi membro nas comiss\u00f5es organizadoras da ATM Minas 2019 e 2023, FestCanion em 2021 e fez a palestra de abertura da ATM Andorinhas 2023.<\/p>\n\n\n\n<p><strong>Monitores<\/strong><\/p>\n\n\n\n<p>Renato Salit (trekking): De maneira a se redescobrir durante o per\u00edodo da COVID-19 com a oportunidade de trabalhar no Parque Natural Municipal das Andorinhas, Renato Salit se tornou mais amante da natureza e tamb\u00e9m proporciona caminhadas com trilheiros(as) em bel\u00edssimas paisagens do munic\u00edpio.<\/p>\n\n\n\n<p>Andr\u00e9 Zaponi (highline): Foi apresentado ao slackline em 2014, no mesmo ano em que iniciou os primeiros passos no highline, onde segue caminhando at\u00e9 ent\u00e3o. Foram diversas as linhas conquistadas e caminhadas nesse tempo, principalmente no nordeste do Brasil onde juntamente com um grupo de amigos, os Camisa Florida, levamos o highline para todos os estados da regi\u00e3o. Em 2015 foi apresentada a escalada e foi o complemento que faltava tanto na variedade de divers\u00e3o, quanto na parte de seguran\u00e7a \u00e9 respeito pelas montanhas. Na \u00e1rea profissional atua em acesso por cordas e resgate industrial desde 2019, sendo registrado pela Associa\u00e7\u00e3o Brasileira de Empresas de Acesso por Cordas (ANEAC).<\/p>\n\n\n\n<p>F\u00e1bio de Melo (escalada esportiva, boulder e rapel): Escalador e montanhista ouro-pretano com experi\u00eancia de mais de 15 anos no esporte. Fez parte da idealiza\u00e7\u00e3o da primeira edi\u00e7\u00e3o do OUROBOULDER em 2006. Guia de Montanha certificado pelo Ex\u00e9rcito Brasileiro, foi o primeiro brasileiro a representar o Brasil na escalada nos Jogos Mundiais Militares de Inverno realizados em 2010 na It\u00e1lia. Com centenas de conquistas nacionais e internacionais, foi indicado ao pr\u00eamio Mosquet\u00e3o de Ouro em 2016 pela via &#8220;Los Inconfidentes&#8221; nos Andes. Membro Idealizador e Fundador da SIME, onde atua como Diretor Executivo, \u00e9 atuante na dissemina\u00e7\u00e3o da cultura de montanhismo local e respons\u00e1vel pela forma\u00e7\u00e3o de diversos escaladores locais.<\/p>\n\n\n\n<p>Gustavo Broglio (escalada esportiva e boulder): mateiro desde menino por influ\u00eancia dos av\u00f3s, come\u00e7ou a escalar em 2019. Tamb\u00e9m \u00e9 canonista e t\u00e9cnico em acesso por cordas para trabalho em altura, onde adquiriu vasta experi\u00eancia em procedimentos de seguran\u00e7a. Participou de conquistas de vias no Parque das Andorinhas e em Lavras Novas. Membro Idealizador e Fundador da SIME, atualmente faz parte da Diretoria T\u00e9cnica como suplente e respons\u00e1vel pela arte gr\u00e1fica da sociedade. \u00c9 atuante na dissemina\u00e7\u00e3o da cultura do montanhismo e respons\u00e1vel pela forma\u00e7\u00e3o de novos escaladores da regi\u00e3o de forma volunt\u00e1ria.<\/p>\n\n\n\n<p>Marcos Knupp (mountain bike): ciclista amador, incentivador da modalidade MTB e amante do esporte e do PNMA. Atualmente \u00e9 professor do curso de Turismo da UFOP e atua com projetos voltados ao desenvolvimento local sustent\u00e1vel.<\/p>\n\n\n\n<p>Denilson Maciel (mountain bike): apaixonado por Bike desde crian\u00e7a, come\u00e7ou a participar de competi\u00e7\u00f5es de mountain bike em 2013. Desde ent\u00e3o, o MTB virou uma paix\u00e3o e hoje faz parte da sua rotina de vida. O estilo de vida saud\u00e1vel e o contato com a natureza s\u00e3o os principais benef\u00edcios que o esporte faz toda diferen\u00e7a em seu cotidiano. Atualmente, paralelo \u00e0s competi\u00e7\u00f5es, contribui nos projetos de revitaliza\u00e7\u00e3o de trilhas de MTB no Parque das Andorinhas.<\/p>\n\n\n\n<p>Leiene Quites (corrida de montanha): corredora apaixonada que come\u00e7ou sua jornada em 2018 com o intuito de melhorar sua qualidade de vida. Sua paix\u00e3o pela corrida em trilhas logo a cativou, levando-a a se aventurar em dist\u00e2ncias cada vez maiores na corrida de montanha. Em 2022, ela descobriu Skyrunning, uma modalidade desafiadora que combina corridas em montanha com n\u00edveis de escalada. Leiene n\u00e3o apenas participou de seletivas para representar o Brasil no Masters 2023 na It\u00e1lia, mas tamb\u00e9m foi selecionada. A oficina proposta por Leiene visa compartilhar suas experi\u00eancias e aprendizados no mundo da corrida, proporcionando uma troca valiosa de conhecimentos com os participantes.<\/p>\n\n\n\n<p>Artur Teixeira Mendes (highline): Com apenas 23 anos j\u00e1 pratica slackline h\u00e1 7 anos. Em meados de 2021 teve o primeiro contato \u043e highline e com escalada e desde ent\u00e3o nunca mais parou. Promove e participa de encontros de Slackline e Highline em diversas localidades do Brasil.<\/p>\n\n\n\n<h3 class=\"wp-block-heading\"><strong>PROGRAMA\u00c7\u00c3O<\/strong> ESPORTE E CULTURA NO PARQUE DAS ANDORINHAS 2024<\/h3>\n\n\n\n<p><strong>08 de junho (s\u00e1bado)<\/strong><\/p>\n\n\n\n<ul>\n<li>08h00 &#8211; Palestra Gustavo Athayde: No\u00e7\u00f5es de m\u00ednimo impacto em unidades de conserva\u00e7\u00e3o<\/li>\n\n\n\n<li>08h30 &#8211; Cadastramento dos Atletas<\/li>\n\n\n\n<li>09h00 &#8211; Oficinas Boulder, Highline e Corrida de Montanha&nbsp;<\/li>\n\n\n\n<li>09 \u00e0s 14h &#8211; Espa\u00e7o Kids: Futebol de sab\u00e3o, chute a gol, pula pula pequeno e grande,&nbsp; multiplay e piscina de bolinhas<\/li>\n\n\n\n<li>11h00 &#8211; Show Binha e a Turma da Brincando de Brincar<\/li>\n\n\n\n<li>13h00 &#8211; Rapel<\/li>\n\n\n\n<li>14h00 &#8211; Show Forropi\u00e1<\/li>\n\n\n\n<li>16h00 &#8211; Quadrilha P\u00e9 de Moleque (Santa Cruz)<\/li>\n\n\n\n<li>16h30 &#8211; Sorteio de brindes<\/li>\n<\/ul>\n\n\n\n<p><strong>09 de junho (domingo)<\/strong><\/p>\n\n\n\n<ul>\n<li>08h00 &#8211; Cadastramento dos Atletas<\/li>\n\n\n\n<li>09h00 &#8211; Oficinas: Mountain Bike, Escalada Esportiva e Trekking<\/li>\n\n\n\n<li>09 \u00e0s 13h &#8211; Feira de Agropecu\u00e1ria<\/li>\n\n\n\n<li>10h00 &#8211; Show Dico e Dora<\/li>\n\n\n\n<li>14h30 &#8211; Show Equipe Rock<\/li>\n\n\n\n<li>16h00 &#8211; Sorteio de brindes<\/li>\n<\/ul>\n\n\n\n<p><strong>Servi\u00e7o<\/strong><\/p>\n\n\n\n<p>Arte e Cultura no Parque das Andorinhas<br>Data: 8 e 9 de junho de 2024<br>Hor\u00e1rio: 9 \u00e0s 18h<br>Local: Parque Natural Municipal das Andorinhas<br>Endere\u00e7o: Avenida das Andorinhas, Morro S\u00e3o Jo\u00e3o \u2013 Ouro Preto.<\/p>\n","protected":false},"excerpt":{"rendered":"<p>O Parque Natural Municipal das Andorinhas (PNMA) ser\u00e1 palco de muito esporte e divers\u00e3o para o p\u00fablico nos dias 8 e 9 de junho. O local vai receber a segunda&#8230;<\/p>\n","protected":false},"author":1,"featured_media":586,"comment_status":"open","ping_status":"open","sticky":false,"template":"","format":"standard","meta":{"footnotes":""},"categories":[1],"tags":[],"yoast_head":"<!-- This site is optimized with the Yoast SEO plugin v23.0 - https:\/\/yoast.com\/wordpress\/plugins\/seo\/ -->\n<title>Parque das Andorinhas: Nascente do Rio das Velhas recebe evento esportivo e cultural<\/title>\n<meta name=\"description\" content=\"O Parque Natural Municipal das Andorinhas (PNMA) ser\u00e1 palco da segunda edi\u00e7\u00e3o do Esporte e Cultura no Parque das Andorinhas 2024\" \/>\n<meta name=\"robots\" content=\"index, follow, max-snippet:-1, max-image-preview:large, max-video-preview:-1\" \/>\n<link rel=\"canonical\" href=\"https:\/\/andorinhacultural.com.br\/index.php\/2024\/06\/01\/parque-das-andorinhas-esporte-cultura-2024\/\" \/>\n<meta property=\"og:locale\" content=\"pt_BR\" \/>\n<meta property=\"og:type\" content=\"article\" \/>\n<meta property=\"og:title\" content=\"Parque das Andorinhas: Nascente do Rio das Velhas recebe evento esportivo e cultural\" \/>\n<meta property=\"og:description\" content=\"O Parque Natural Municipal das Andorinhas (PNMA) ser\u00e1 palco da segunda edi\u00e7\u00e3o do Esporte e Cultura no Parque das Andorinhas 2024\" \/>\n<meta property=\"og:url\" content=\"https:\/\/andorinhacultural.com.br\/index.php\/2024\/06\/01\/parque-das-andorinhas-esporte-cultura-2024\/\" \/>\n<meta property=\"og:site_name\" content=\"Arte e Cultura no Parque das Andorinhas\" \/>\n<meta property=\"article:published_time\" content=\"2024-06-01T19:32:41+00:00\" \/>\n<meta property=\"og:image\" content=\"http:\/\/andorinhacultural.com.br\/wp-content\/uploads\/2024\/06\/parque-das-andorinhas.jpg\" \/>\n\t<meta property=\"og:image:width\" content=\"1500\" \/>\n\t<meta property=\"og:image:height\" content=\"1000\" \/>\n\t<meta property=\"og:image:type\" content=\"image\/jpeg\" \/>\n<meta name=\"author\" content=\"andorinhacultural.com.br\" \/>\n<meta name=\"twitter:card\" content=\"summary_large_image\" \/>\n<meta name=\"twitter:label1\" content=\"Escrito por\" \/>\n\t<meta name=\"twitter:data1\" content=\"andorinhacultural.com.br\" \/>\n\t<meta name=\"twitter:label2\" content=\"Est. tempo de leitura\" \/>\n\t<meta name=\"twitter:data2\" content=\"10 minutos\" \/>\n<script type=\"application\/ld+json\" class=\"yoast-schema-graph\">{\"@context\":\"https:\/\/schema.org\",\"@graph\":[{\"@type\":\"Article\",\"@id\":\"https:\/\/andorinhacultural.com.br\/index.php\/2024\/06\/01\/parque-das-andorinhas-esporte-cultura-2024\/#article\",\"isPartOf\":{\"@id\":\"https:\/\/andorinhacultural.com.br\/index.php\/2024\/06\/01\/parque-das-andorinhas-esporte-cultura-2024\/\"},\"author\":{\"name\":\"andorinhacultural.com.br\",\"@id\":\"https:\/\/andorinhacultural.com.br\/#\/schema\/person\/5feaf931f60c56733ff684658f052af3\"},\"headline\":\"Parque das Andorinhas: Nascente do Rio das Velhas recebe evento esportivo e cultural\",\"datePublished\":\"2024-06-01T19:32:41+00:00\",\"dateModified\":\"2024-06-01T19:32:41+00:00\",\"mainEntityOfPage\":{\"@id\":\"https:\/\/andorinhacultural.com.br\/index.php\/2024\/06\/01\/parque-das-andorinhas-esporte-cultura-2024\/\"},\"wordCount\":1727,\"commentCount\":0,\"publisher\":{\"@id\":\"https:\/\/andorinhacultural.com.br\/#organization\"},\"image\":{\"@id\":\"https:\/\/andorinhacultural.com.br\/index.php\/2024\/06\/01\/parque-das-andorinhas-esporte-cultura-2024\/#primaryimage\"},\"thumbnailUrl\":\"https:\/\/andorinhacultural.com.br\/wp-content\/uploads\/2024\/06\/parque-das-andorinhas.jpg\",\"articleSection\":[\"Blog\"],\"inLanguage\":\"pt-BR\",\"potentialAction\":[{\"@type\":\"CommentAction\",\"name\":\"Comment\",\"target\":[\"https:\/\/andorinhacultural.com.br\/index.php\/2024\/06\/01\/parque-das-andorinhas-esporte-cultura-2024\/#respond\"]}]},{\"@type\":\"WebPage\",\"@id\":\"https:\/\/andorinhacultural.com.br\/index.php\/2024\/06\/01\/parque-das-andorinhas-esporte-cultura-2024\/\",\"url\":\"https:\/\/andorinhacultural.com.br\/index.php\/2024\/06\/01\/parque-das-andorinhas-esporte-cultura-2024\/\",\"name\":\"Parque das Andorinhas: Nascente do Rio das Velhas recebe evento esportivo e cultural\",\"isPartOf\":{\"@id\":\"https:\/\/andorinhacultural.com.br\/#website\"},\"primaryImageOfPage\":{\"@id\":\"https:\/\/andorinhacultural.com.br\/index.php\/2024\/06\/01\/parque-das-andorinhas-esporte-cultura-2024\/#primaryimage\"},\"image\":{\"@id\":\"https:\/\/andorinhacultural.com.br\/index.php\/2024\/06\/01\/parque-das-andorinhas-esporte-cultura-2024\/#primaryimage\"},\"thumbnailUrl\":\"https:\/\/andorinhacultural.com.br\/wp-content\/uploads\/2024\/06\/parque-das-andorinhas.jpg\",\"datePublished\":\"2024-06-01T19:32:41+00:00\",\"dateModified\":\"2024-06-01T19:32:41+00:00\",\"description\":\"O Parque Natural Municipal das Andorinhas (PNMA) ser\u00e1 palco da segunda edi\u00e7\u00e3o do Esporte e Cultura no Parque das Andorinhas 2024\",\"breadcrumb\":{\"@id\":\"https:\/\/andorinhacultural.com.br\/index.php\/2024\/06\/01\/parque-das-andorinhas-esporte-cultura-2024\/#breadcrumb\"},\"inLanguage\":\"pt-BR\",\"potentialAction\":[{\"@type\":\"ReadAction\",\"target\":[\"https:\/\/andorinhacultural.com.br\/index.php\/2024\/06\/01\/parque-das-andorinhas-esporte-cultura-2024\/\"]}]},{\"@type\":\"ImageObject\",\"inLanguage\":\"pt-BR\",\"@id\":\"https:\/\/andorinhacultural.com.br\/index.php\/2024\/06\/01\/parque-das-andorinhas-esporte-cultura-2024\/#primaryimage\",\"url\":\"https:\/\/andorinhacultural.com.br\/wp-content\/uploads\/2024\/06\/parque-das-andorinhas.jpg\",\"contentUrl\":\"https:\/\/andorinhacultural.com.br\/wp-content\/uploads\/2024\/06\/parque-das-andorinhas.jpg\",\"width\":1500,\"height\":1000,\"caption\":\"Parque das Andorinhas: Nascente do Rio das Velhas recebe evento esportivo e cultural\"},{\"@type\":\"BreadcrumbList\",\"@id\":\"https:\/\/andorinhacultural.com.br\/index.php\/2024\/06\/01\/parque-das-andorinhas-esporte-cultura-2024\/#breadcrumb\",\"itemListElement\":[{\"@type\":\"ListItem\",\"position\":1,\"name\":\"Home\",\"item\":\"https:\/\/andorinhacultural.com.br\/\"},{\"@type\":\"ListItem\",\"position\":2,\"name\":\"Parque das Andorinhas: Nascente do Rio das Velhas recebe evento esportivo e cultural\"}]},{\"@type\":\"WebSite\",\"@id\":\"https:\/\/andorinhacultural.com.br\/#website\",\"url\":\"https:\/\/andorinhacultural.com.br\/\",\"name\":\"Arte e Cultura no Parque das Andorinhas\",\"description\":\"\",\"publisher\":{\"@id\":\"https:\/\/andorinhacultural.com.br\/#organization\"},\"potentialAction\":[{\"@type\":\"SearchAction\",\"target\":{\"@type\":\"EntryPoint\",\"urlTemplate\":\"https:\/\/andorinhacultural.com.br\/?s={search_term_string}\"},\"query-input\":\"required name=search_term_string\"}],\"inLanguage\":\"pt-BR\"},{\"@type\":\"Organization\",\"@id\":\"https:\/\/andorinhacultural.com.br\/#organization\",\"name\":\"Arte e Cultura no Parque das Andorinhas\",\"url\":\"https:\/\/andorinhacultural.com.br\/\",\"logo\":{\"@type\":\"ImageObject\",\"inLanguage\":\"pt-BR\",\"@id\":\"https:\/\/andorinhacultural.com.br\/#\/schema\/logo\/image\/\",\"url\":\"https:\/\/andorinhacultural.com.br\/wp-content\/uploads\/2026\/02\/cropped-logo_parque_andorinhas-300x180-1.png\",\"contentUrl\":\"https:\/\/andorinhacultural.com.br\/wp-content\/uploads\/2026\/02\/cropped-logo_parque_andorinhas-300x180-1.png\",\"width\":300,\"height\":180,\"caption\":\"Arte e Cultura no Parque das Andorinhas\"},\"image\":{\"@id\":\"https:\/\/andorinhacultural.com.br\/#\/schema\/logo\/image\/\"}},{\"@type\":\"Person\",\"@id\":\"https:\/\/andorinhacultural.com.br\/#\/schema\/person\/5feaf931f60c56733ff684658f052af3\",\"name\":\"andorinhacultural.com.br\",\"image\":{\"@type\":\"ImageObject\",\"inLanguage\":\"pt-BR\",\"@id\":\"https:\/\/andorinhacultural.com.br\/#\/schema\/person\/image\/\",\"url\":\"https:\/\/secure.gravatar.com\/avatar\/362e56bb7e0b40c3878e5c84bc4725d8?s=96&d=mm&r=g\",\"contentUrl\":\"https:\/\/secure.gravatar.com\/avatar\/362e56bb7e0b40c3878e5c84bc4725d8?s=96&d=mm&r=g\",\"caption\":\"andorinhacultural.com.br\"},\"sameAs\":[\"http:\/\/andorinhacultural.com.br\"],\"url\":\"https:\/\/andorinhacultural.com.br\/index.php\/author\/andorinhacultural-com-br\/\"}]}<\/script>\n<!-- \/ Yoast SEO plugin. -->","yoast_head_json":{"title":"Parque das Andorinhas: Nascente do Rio das Velhas recebe evento esportivo e cultural","description":"O Parque Natural Municipal das Andorinhas (PNMA) ser\u00e1 palco da segunda edi\u00e7\u00e3o do Esporte e Cultura no Parque das Andorinhas 2024","robots":{"index":"index","follow":"follow","max-snippet":"max-snippet:-1","max-image-preview":"max-image-preview:large","max-video-preview":"max-video-preview:-1"},"canonical":"https:\/\/andorinhacultural.com.br\/index.php\/2024\/06\/01\/parque-das-andorinhas-esporte-cultura-2024\/","og_locale":"pt_BR","og_type":"article","og_title":"Parque das Andorinhas: Nascente do Rio das Velhas recebe evento esportivo e cultural","og_description":"O Parque Natural Municipal das Andorinhas (PNMA) ser\u00e1 palco da segunda edi\u00e7\u00e3o do Esporte e Cultura no Parque das Andorinhas 2024","og_url":"https:\/\/andorinhacultural.com.br\/index.php\/2024\/06\/01\/parque-das-andorinhas-esporte-cultura-2024\/","og_site_name":"Arte e Cultura no Parque das Andorinhas","article_published_time":"2024-06-01T19:32:41+00:00","og_image":[{"width":1500,"height":1000,"url":"http:\/\/andorinhacultural.com.br\/wp-content\/uploads\/2024\/06\/parque-das-andorinhas.jpg","type":"image\/jpeg"}],"author":"andorinhacultural.com.br","twitter_card":"summary_large_image","twitter_misc":{"Escrito por":"andorinhacultural.com.br","Est. tempo de leitura":"10 minutos"},"schema":{"@context":"https:\/\/schema.org","@graph":[{"@type":"Article","@id":"https:\/\/andorinhacultural.com.br\/index.php\/2024\/06\/01\/parque-das-andorinhas-esporte-cultura-2024\/#article","isPartOf":{"@id":"https:\/\/andorinhacultural.com.br\/index.php\/2024\/06\/01\/parque-das-andorinhas-esporte-cultura-2024\/"},"author":{"name":"andorinhacultural.com.br","@id":"https:\/\/andorinhacultural.com.br\/#\/schema\/person\/5feaf931f60c56733ff684658f052af3"},"headline":"Parque das Andorinhas: Nascente do Rio das Velhas recebe evento esportivo e cultural","datePublished":"2024-06-01T19:32:41+00:00","dateModified":"2024-06-01T19:32:41+00:00","mainEntityOfPage":{"@id":"https:\/\/andorinhacultural.com.br\/index.php\/2024\/06\/01\/parque-das-andorinhas-esporte-cultura-2024\/"},"wordCount":1727,"commentCount":0,"publisher":{"@id":"https:\/\/andorinhacultural.com.br\/#organization"},"image":{"@id":"https:\/\/andorinhacultural.com.br\/index.php\/2024\/06\/01\/parque-das-andorinhas-esporte-cultura-2024\/#primaryimage"},"thumbnailUrl":"https:\/\/andorinhacultural.com.br\/wp-content\/uploads\/2024\/06\/parque-das-andorinhas.jpg","articleSection":["Blog"],"inLanguage":"pt-BR","potentialAction":[{"@type":"CommentAction","name":"Comment","target":["https:\/\/andorinhacultural.com.br\/index.php\/2024\/06\/01\/parque-das-andorinhas-esporte-cultura-2024\/#respond"]}]},{"@type":"WebPage","@id":"https:\/\/andorinhacultural.com.br\/index.php\/2024\/06\/01\/parque-das-andorinhas-esporte-cultura-2024\/","url":"https:\/\/andorinhacultural.com.br\/index.php\/2024\/06\/01\/parque-das-andorinhas-esporte-cultura-2024\/","name":"Parque das Andorinhas: Nascente do Rio das Velhas recebe evento esportivo e cultural","isPartOf":{"@id":"https:\/\/andorinhacultural.com.br\/#website"},"primaryImageOfPage":{"@id":"https:\/\/andorinhacultural.com.br\/index.php\/2024\/06\/01\/parque-das-andorinhas-esporte-cultura-2024\/#primaryimage"},"image":{"@id":"https:\/\/andorinhacultural.com.br\/index.php\/2024\/06\/01\/parque-das-andorinhas-esporte-cultura-2024\/#primaryimage"},"thumbnailUrl":"https:\/\/andorinhacultural.com.br\/wp-content\/uploads\/2024\/06\/parque-das-andorinhas.jpg","datePublished":"2024-06-01T19:32:41+00:00","dateModified":"2024-06-01T19:32:41+00:00","description":"O Parque Natural Municipal das Andorinhas (PNMA) ser\u00e1 palco da segunda edi\u00e7\u00e3o do Esporte e Cultura no Parque das Andorinhas 2024","breadcrumb":{"@id":"https:\/\/andorinhacultural.com.br\/index.php\/2024\/06\/01\/parque-das-andorinhas-esporte-cultura-2024\/#breadcrumb"},"inLanguage":"pt-BR","potentialAction":[{"@type":"ReadAction","target":["https:\/\/andorinhacultural.com.br\/index.php\/2024\/06\/01\/parque-das-andorinhas-esporte-cultura-2024\/"]}]},{"@type":"ImageObject","inLanguage":"pt-BR","@id":"https:\/\/andorinhacultural.com.br\/index.php\/2024\/06\/01\/parque-das-andorinhas-esporte-cultura-2024\/#primaryimage","url":"https:\/\/andorinhacultural.com.br\/wp-content\/uploads\/2024\/06\/parque-das-andorinhas.jpg","contentUrl":"https:\/\/andorinhacultural.com.br\/wp-content\/uploads\/2024\/06\/parque-das-andorinhas.jpg","width":1500,"height":1000,"caption":"Parque das Andorinhas: Nascente do Rio das Velhas recebe evento esportivo e cultural"},{"@type":"BreadcrumbList","@id":"https:\/\/andorinhacultural.com.br\/index.php\/2024\/06\/01\/parque-das-andorinhas-esporte-cultura-2024\/#breadcrumb","itemListElement":[{"@type":"ListItem","position":1,"name":"Home","item":"https:\/\/andorinhacultural.com.br\/"},{"@type":"ListItem","position":2,"name":"Parque das Andorinhas: Nascente do Rio das Velhas recebe evento esportivo e cultural"}]},{"@type":"WebSite","@id":"https:\/\/andorinhacultural.com.br\/#website","url":"https:\/\/andorinhacultural.com.br\/","name":"Arte e Cultura no Parque das Andorinhas","description":"","publisher":{"@id":"https:\/\/andorinhacultural.com.br\/#organization"},"potentialAction":[{"@type":"SearchAction","target":{"@type":"EntryPoint","urlTemplate":"https:\/\/andorinhacultural.com.br\/?s={search_term_string}"},"query-input":"required name=search_term_string"}],"inLanguage":"pt-BR"},{"@type":"Organization","@id":"https:\/\/andorinhacultural.com.br\/#organization","name":"Arte e Cultura no Parque das Andorinhas","url":"https:\/\/andorinhacultural.com.br\/","logo":{"@type":"ImageObject","inLanguage":"pt-BR","@id":"https:\/\/andorinhacultural.com.br\/#\/schema\/logo\/image\/","url":"https:\/\/andorinhacultural.com.br\/wp-content\/uploads\/2026\/02\/cropped-logo_parque_andorinhas-300x180-1.png","contentUrl":"https:\/\/andorinhacultural.com.br\/wp-content\/uploads\/2026\/02\/cropped-logo_parque_andorinhas-300x180-1.png","width":300,"height":180,"caption":"Arte e Cultura no Parque das Andorinhas"},"image":{"@id":"https:\/\/andorinhacultural.com.br\/#\/schema\/logo\/image\/"}},{"@type":"Person","@id":"https:\/\/andorinhacultural.com.br\/#\/schema\/person\/5feaf931f60c56733ff684658f052af3","name":"andorinhacultural.com.br","image":{"@type":"ImageObject","inLanguage":"pt-BR","@id":"https:\/\/andorinhacultural.com.br\/#\/schema\/person\/image\/","url":"https:\/\/secure.gravatar.com\/avatar\/362e56bb7e0b40c3878e5c84bc4725d8?s=96&d=mm&r=g","contentUrl":"https:\/\/secure.gravatar.com\/avatar\/362e56bb7e0b40c3878e5c84bc4725d8?s=96&d=mm&r=g","caption":"andorinhacultural.com.br"},"sameAs":["http:\/\/andorinhacultural.com.br"],"url":"https:\/\/andorinhacultural.com.br\/index.php\/author\/andorinhacultural-com-br\/"}]}},"_links":{"self":[{"href":"https:\/\/andorinhacultural.com.br\/index.php\/wp-json\/wp\/v2\/posts\/585"}],"collection":[{"href":"https:\/\/andorinhacultural.com.br\/index.php\/wp-json\/wp\/v2\/posts"}],"about":[{"href":"https:\/\/andorinhacultural.com.br\/index.php\/wp-json\/wp\/v2\/types\/post"}],"author":[{"embeddable":true,"href":"https:\/\/andorinhacultural.com.br\/index.php\/wp-json\/wp\/v2\/users\/1"}],"replies":[{"embeddable":true,"href":"https:\/\/andorinhacultural.com.br\/index.php\/wp-json\/wp\/v2\/comments?post=585"}],"version-history":[{"count":1,"href":"https:\/\/andorinhacultural.com.br\/index.php\/wp-json\/wp\/v2\/posts\/585\/revisions"}],"predecessor-version":[{"id":587,"href":"https:\/\/andorinhacultural.com.br\/index.php\/wp-json\/wp\/v2\/posts\/585\/revisions\/587"}],"wp:featuredmedia":[{"embeddable":true,"href":"https:\/\/andorinhacultural.com.br\/index.php\/wp-json\/wp\/v2\/media\/586"}],"wp:attachment":[{"href":"https:\/\/andorinhacultural.com.br\/index.php\/wp-json\/wp\/v2\/media?parent=585"}],"wp:term":[{"taxonomy":"category","embeddable":true,"href":"https:\/\/andorinhacultural.com.br\/index.php\/wp-json\/wp\/v2\/categories?post=585"},{"taxonomy":"post_tag","embeddable":true,"href":"https:\/\/andorinhacultural.com.br\/index.php\/wp-json\/wp\/v2\/tags?post=585"}],"curies":[{"name":"wp","href":"https:\/\/api.w.org\/{rel}","templated":true}]}}