{"id":566,"date":"2023-11-30T09:38:06","date_gmt":"2023-11-30T12:38:06","guid":{"rendered":"https:\/\/andorinhacultural.com.br\/?p=566"},"modified":"2023-11-30T09:38:07","modified_gmt":"2023-11-30T12:38:07","slug":"parque-das-andorinhas-shows-diversificados","status":"publish","type":"post","link":"https:\/\/andorinhacultural.com.br\/index.php\/2023\/11\/30\/parque-das-andorinhas-shows-diversificados\/","title":{"rendered":"Parque das Andorinhas recebe shows diversificados e atra\u00e7\u00f5es teatrais"},"content":{"rendered":"\n<p>O projeto \u201cArte e Cultura no Parque das Andorinhas\u201d acontecer\u00e1 no dia 09 de dezembro no Parque Natura Municipal das Andorinhas, em Ouro Preto. Com atividades art\u00edsticas e \u00e1reas de lazer, o projeto atender\u00e1 turistas e moradores de Ouro Preto. Nesse sentido, ser\u00e1 mais um atrativo para o parque que abriga a nascente principal do Rio das Velhas.<\/p>\n\n\n\n<p>Na programa\u00e7\u00e3o h\u00e1 atra\u00e7\u00f5es de chorinho, teatro, coral, samba, forr\u00f3 e a participa\u00e7\u00e3o de figuras como Papai Noel, Mickey e Minnie. O evento ser\u00e1 realizado entre 09h e 18h e ser\u00e1 totalmente gratuito. O \u201cArte e Cultura no Parque das Andorinhas\u201d, \u00e9 uma realiza\u00e7\u00e3o da Prefeitura de Ouro Preto, Departamento do Meio Ambiente (DEMAM), Funda\u00e7\u00e3o Gorceix, com patroc\u00ednio da Samarco e produ\u00e7\u00e3o da Holofote Cultural.<\/p>\n\n\n\n<h2 class=\"wp-block-heading\">Programa\u00e7\u00e3o<\/h2>\n\n\n\n<p>09h30 \u2013 Canto da Andorinha \u2013 Coral Vozes EnCanto<br>10h30 \u2013 Visita do Papai Noel, Mickey e Minnie<br>11h00 \u2013 Teatro das Andorinhas \u2013 Cia Lamparina \u2013 Espet\u00e1culo o que n\u00e3o tem nome<br>13h30 \u2013 Andorinha Instrumental \u2013 Barroco Jazz<br>14h30 \u2013 Andorinha Dan\u00e7ante \u2013 Banda Manguac\u00eara<br>16h00 \u2013 Choro das Andorinhas \u2013 Regional da Barra convida Erika Curtiss e Silvia Gomes<\/p>\n\n\n\n<h2 class=\"wp-block-heading\">Parque Natural Municipal das Andorinhas<\/h2>\n\n\n\n<p>O parque foi criado em 1968 e abrangia uma \u00e1rea de um quil\u00f4metro de raio tendo como ponto central a pr\u00f3pria cachoeira das Andorinhas. Em 2005, a C\u00e2mara Municipal de Ouro Preto aprovou o projeto de Lei\u00a0<sup>69<\/sup>\u2044<sub>05<\/sub>\u00a0estabelecendo novos limites para a Unidade de Conserva\u00e7\u00e3o (UC), que tamb\u00e9m passou a ser denominada de Parque Natural Municipal das Andorinhas (PNMA). Atualmente o Parque abrange uma \u00e1rea total de 557 hectares, e tem, entre outros, o objetivo de resguardar e proteger a flora, a fauna e demais recursos naturais (Lei 69, art. 4\u00ba, 2005).<\/p>\n\n\n\n<p>Na \u00e1rea do Parque est\u00e3o localizadas diversas quedas de \u00e1gua, e dentre elas, a de maior destaque e que d\u00e1 nome ao Parque que \u00e9 a Cachoeira das Andorinhas. Segundo relato de moradores este nome deve-se ao fato da ocorr\u00eancia de uma grande quantidade de andorinhas que se deslocam para o vale encaixado da cachoeira na \u00e9poca de reprodu\u00e7\u00e3o, construindo assim seus ninhos nas fendas dos afloramentos rochosos presentes na paisagem da cachoeira.<\/p>\n\n\n\n<h3 class=\"wp-block-heading\">Servi\u00e7o<\/h3>\n\n\n\n<p>Arte e Cultura no Parque das Andorinhas<br>Data: 9 de dezembro de 2023<br>Hor\u00e1rio: 9 \u00e0s 18h<br>Local: Parque Natural Municipal das Andorinhas<br>Endere\u00e7o: Avenida das Andorinhas, Morro S\u00e3o Jo\u00e3o \u2013 Ouro Preto.<\/p>\n","protected":false},"excerpt":{"rendered":"<p>O projeto \u201cArte e Cultura no Parque das Andorinhas\u201d acontecer\u00e1 no dia 09 de dezembro no Parque Natura Municipal das Andorinhas, em Ouro Preto. Com atividades art\u00edsticas e \u00e1reas de&#8230;<\/p>\n","protected":false},"author":1,"featured_media":0,"comment_status":"open","ping_status":"open","sticky":false,"template":"","format":"standard","meta":{"footnotes":""},"categories":[1],"tags":[],"yoast_head":"<!-- This site is optimized with the Yoast SEO plugin v23.0 - https:\/\/yoast.com\/wordpress\/plugins\/seo\/ -->\n<title>Parque das Andorinhas recebe shows diversificados e atra\u00e7\u00f5es teatrais<\/title>\n<meta name=\"description\" content=\"O projeto \u201cArte e Cultura no Parque das Andorinhas\u201d acontecer\u00e1 no dia 09 de dezembro no Parque Natura Municipal das Andorinhas.\" \/>\n<meta name=\"robots\" content=\"index, follow, max-snippet:-1, max-image-preview:large, max-video-preview:-1\" \/>\n<link rel=\"canonical\" href=\"https:\/\/andorinhacultural.com.br\/index.php\/2023\/11\/30\/parque-das-andorinhas-shows-diversificados\/\" \/>\n<meta property=\"og:locale\" content=\"pt_BR\" \/>\n<meta property=\"og:type\" content=\"article\" \/>\n<meta property=\"og:title\" content=\"Parque das Andorinhas recebe shows diversificados e atra\u00e7\u00f5es teatrais\" \/>\n<meta property=\"og:description\" content=\"O projeto \u201cArte e Cultura no Parque das Andorinhas\u201d acontecer\u00e1 no dia 09 de dezembro no Parque Natura Municipal das Andorinhas.\" \/>\n<meta property=\"og:url\" content=\"https:\/\/andorinhacultural.com.br\/index.php\/2023\/11\/30\/parque-das-andorinhas-shows-diversificados\/\" \/>\n<meta property=\"og:site_name\" content=\"Arte e Cultura no Parque das Andorinhas\" \/>\n<meta property=\"article:published_time\" content=\"2023-11-30T12:38:06+00:00\" \/>\n<meta property=\"article:modified_time\" content=\"2023-11-30T12:38:07+00:00\" \/>\n<meta name=\"author\" content=\"andorinhacultural.com.br\" \/>\n<meta name=\"twitter:card\" content=\"summary_large_image\" \/>\n<meta name=\"twitter:label1\" content=\"Escrito por\" \/>\n\t<meta name=\"twitter:data1\" content=\"andorinhacultural.com.br\" \/>\n\t<meta name=\"twitter:label2\" content=\"Est. tempo de leitura\" \/>\n\t<meta name=\"twitter:data2\" content=\"3 minutos\" \/>\n<script type=\"application\/ld+json\" class=\"yoast-schema-graph\">{\"@context\":\"https:\/\/schema.org\",\"@graph\":[{\"@type\":\"Article\",\"@id\":\"https:\/\/andorinhacultural.com.br\/index.php\/2023\/11\/30\/parque-das-andorinhas-shows-diversificados\/#article\",\"isPartOf\":{\"@id\":\"https:\/\/andorinhacultural.com.br\/index.php\/2023\/11\/30\/parque-das-andorinhas-shows-diversificados\/\"},\"author\":{\"name\":\"andorinhacultural.com.br\",\"@id\":\"https:\/\/andorinhacultural.com.br\/#\/schema\/person\/5feaf931f60c56733ff684658f052af3\"},\"headline\":\"Parque das Andorinhas recebe shows diversificados e atra\u00e7\u00f5es teatrais\",\"datePublished\":\"2023-11-30T12:38:06+00:00\",\"dateModified\":\"2023-11-30T12:38:07+00:00\",\"mainEntityOfPage\":{\"@id\":\"https:\/\/andorinhacultural.com.br\/index.php\/2023\/11\/30\/parque-das-andorinhas-shows-diversificados\/\"},\"wordCount\":398,\"commentCount\":0,\"publisher\":{\"@id\":\"https:\/\/andorinhacultural.com.br\/#organization\"},\"articleSection\":[\"Blog\"],\"inLanguage\":\"pt-BR\",\"potentialAction\":[{\"@type\":\"CommentAction\",\"name\":\"Comment\",\"target\":[\"https:\/\/andorinhacultural.com.br\/index.php\/2023\/11\/30\/parque-das-andorinhas-shows-diversificados\/#respond\"]}]},{\"@type\":\"WebPage\",\"@id\":\"https:\/\/andorinhacultural.com.br\/index.php\/2023\/11\/30\/parque-das-andorinhas-shows-diversificados\/\",\"url\":\"https:\/\/andorinhacultural.com.br\/index.php\/2023\/11\/30\/parque-das-andorinhas-shows-diversificados\/\",\"name\":\"Parque das Andorinhas recebe shows diversificados e atra\u00e7\u00f5es teatrais\",\"isPartOf\":{\"@id\":\"https:\/\/andorinhacultural.com.br\/#website\"},\"datePublished\":\"2023-11-30T12:38:06+00:00\",\"dateModified\":\"2023-11-30T12:38:07+00:00\",\"description\":\"O projeto \u201cArte e Cultura no Parque das Andorinhas\u201d acontecer\u00e1 no dia 09 de dezembro no Parque Natura Municipal das Andorinhas.\",\"breadcrumb\":{\"@id\":\"https:\/\/andorinhacultural.com.br\/index.php\/2023\/11\/30\/parque-das-andorinhas-shows-diversificados\/#breadcrumb\"},\"inLanguage\":\"pt-BR\",\"potentialAction\":[{\"@type\":\"ReadAction\",\"target\":[\"https:\/\/andorinhacultural.com.br\/index.php\/2023\/11\/30\/parque-das-andorinhas-shows-diversificados\/\"]}]},{\"@type\":\"BreadcrumbList\",\"@id\":\"https:\/\/andorinhacultural.com.br\/index.php\/2023\/11\/30\/parque-das-andorinhas-shows-diversificados\/#breadcrumb\",\"itemListElement\":[{\"@type\":\"ListItem\",\"position\":1,\"name\":\"Home\",\"item\":\"https:\/\/andorinhacultural.com.br\/\"},{\"@type\":\"ListItem\",\"position\":2,\"name\":\"Parque das Andorinhas recebe shows diversificados e atra\u00e7\u00f5es teatrais\"}]},{\"@type\":\"WebSite\",\"@id\":\"https:\/\/andorinhacultural.com.br\/#website\",\"url\":\"https:\/\/andorinhacultural.com.br\/\",\"name\":\"Arte e Cultura no Parque das Andorinhas\",\"description\":\"\",\"publisher\":{\"@id\":\"https:\/\/andorinhacultural.com.br\/#organization\"},\"potentialAction\":[{\"@type\":\"SearchAction\",\"target\":{\"@type\":\"EntryPoint\",\"urlTemplate\":\"https:\/\/andorinhacultural.com.br\/?s={search_term_string}\"},\"query-input\":\"required name=search_term_string\"}],\"inLanguage\":\"pt-BR\"},{\"@type\":\"Organization\",\"@id\":\"https:\/\/andorinhacultural.com.br\/#organization\",\"name\":\"Arte e Cultura no Parque das Andorinhas\",\"url\":\"https:\/\/andorinhacultural.com.br\/\",\"logo\":{\"@type\":\"ImageObject\",\"inLanguage\":\"pt-BR\",\"@id\":\"https:\/\/andorinhacultural.com.br\/#\/schema\/logo\/image\/\",\"url\":\"https:\/\/andorinhacultural.com.br\/wp-content\/uploads\/2026\/02\/cropped-logo_parque_andorinhas-300x180-1.png\",\"contentUrl\":\"https:\/\/andorinhacultural.com.br\/wp-content\/uploads\/2026\/02\/cropped-logo_parque_andorinhas-300x180-1.png\",\"width\":300,\"height\":180,\"caption\":\"Arte e Cultura no Parque das Andorinhas\"},\"image\":{\"@id\":\"https:\/\/andorinhacultural.com.br\/#\/schema\/logo\/image\/\"}},{\"@type\":\"Person\",\"@id\":\"https:\/\/andorinhacultural.com.br\/#\/schema\/person\/5feaf931f60c56733ff684658f052af3\",\"name\":\"andorinhacultural.com.br\",\"image\":{\"@type\":\"ImageObject\",\"inLanguage\":\"pt-BR\",\"@id\":\"https:\/\/andorinhacultural.com.br\/#\/schema\/person\/image\/\",\"url\":\"https:\/\/secure.gravatar.com\/avatar\/362e56bb7e0b40c3878e5c84bc4725d8?s=96&d=mm&r=g\",\"contentUrl\":\"https:\/\/secure.gravatar.com\/avatar\/362e56bb7e0b40c3878e5c84bc4725d8?s=96&d=mm&r=g\",\"caption\":\"andorinhacultural.com.br\"},\"sameAs\":[\"http:\/\/andorinhacultural.com.br\"],\"url\":\"https:\/\/andorinhacultural.com.br\/index.php\/author\/andorinhacultural-com-br\/\"}]}<\/script>\n<!-- \/ Yoast SEO plugin. -->","yoast_head_json":{"title":"Parque das Andorinhas recebe shows diversificados e atra\u00e7\u00f5es teatrais","description":"O projeto \u201cArte e Cultura no Parque das Andorinhas\u201d acontecer\u00e1 no dia 09 de dezembro no Parque Natura Municipal das Andorinhas.","robots":{"index":"index","follow":"follow","max-snippet":"max-snippet:-1","max-image-preview":"max-image-preview:large","max-video-preview":"max-video-preview:-1"},"canonical":"https:\/\/andorinhacultural.com.br\/index.php\/2023\/11\/30\/parque-das-andorinhas-shows-diversificados\/","og_locale":"pt_BR","og_type":"article","og_title":"Parque das Andorinhas recebe shows diversificados e atra\u00e7\u00f5es teatrais","og_description":"O projeto \u201cArte e Cultura no Parque das Andorinhas\u201d acontecer\u00e1 no dia 09 de dezembro no Parque Natura Municipal das Andorinhas.","og_url":"https:\/\/andorinhacultural.com.br\/index.php\/2023\/11\/30\/parque-das-andorinhas-shows-diversificados\/","og_site_name":"Arte e Cultura no Parque das Andorinhas","article_published_time":"2023-11-30T12:38:06+00:00","article_modified_time":"2023-11-30T12:38:07+00:00","author":"andorinhacultural.com.br","twitter_card":"summary_large_image","twitter_misc":{"Escrito por":"andorinhacultural.com.br","Est. tempo de leitura":"3 minutos"},"schema":{"@context":"https:\/\/schema.org","@graph":[{"@type":"Article","@id":"https:\/\/andorinhacultural.com.br\/index.php\/2023\/11\/30\/parque-das-andorinhas-shows-diversificados\/#article","isPartOf":{"@id":"https:\/\/andorinhacultural.com.br\/index.php\/2023\/11\/30\/parque-das-andorinhas-shows-diversificados\/"},"author":{"name":"andorinhacultural.com.br","@id":"https:\/\/andorinhacultural.com.br\/#\/schema\/person\/5feaf931f60c56733ff684658f052af3"},"headline":"Parque das Andorinhas recebe shows diversificados e atra\u00e7\u00f5es teatrais","datePublished":"2023-11-30T12:38:06+00:00","dateModified":"2023-11-30T12:38:07+00:00","mainEntityOfPage":{"@id":"https:\/\/andorinhacultural.com.br\/index.php\/2023\/11\/30\/parque-das-andorinhas-shows-diversificados\/"},"wordCount":398,"commentCount":0,"publisher":{"@id":"https:\/\/andorinhacultural.com.br\/#organization"},"articleSection":["Blog"],"inLanguage":"pt-BR","potentialAction":[{"@type":"CommentAction","name":"Comment","target":["https:\/\/andorinhacultural.com.br\/index.php\/2023\/11\/30\/parque-das-andorinhas-shows-diversificados\/#respond"]}]},{"@type":"WebPage","@id":"https:\/\/andorinhacultural.com.br\/index.php\/2023\/11\/30\/parque-das-andorinhas-shows-diversificados\/","url":"https:\/\/andorinhacultural.com.br\/index.php\/2023\/11\/30\/parque-das-andorinhas-shows-diversificados\/","name":"Parque das Andorinhas recebe shows diversificados e atra\u00e7\u00f5es teatrais","isPartOf":{"@id":"https:\/\/andorinhacultural.com.br\/#website"},"datePublished":"2023-11-30T12:38:06+00:00","dateModified":"2023-11-30T12:38:07+00:00","description":"O projeto \u201cArte e Cultura no Parque das Andorinhas\u201d acontecer\u00e1 no dia 09 de dezembro no Parque Natura Municipal das Andorinhas.","breadcrumb":{"@id":"https:\/\/andorinhacultural.com.br\/index.php\/2023\/11\/30\/parque-das-andorinhas-shows-diversificados\/#breadcrumb"},"inLanguage":"pt-BR","potentialAction":[{"@type":"ReadAction","target":["https:\/\/andorinhacultural.com.br\/index.php\/2023\/11\/30\/parque-das-andorinhas-shows-diversificados\/"]}]},{"@type":"BreadcrumbList","@id":"https:\/\/andorinhacultural.com.br\/index.php\/2023\/11\/30\/parque-das-andorinhas-shows-diversificados\/#breadcrumb","itemListElement":[{"@type":"ListItem","position":1,"name":"Home","item":"https:\/\/andorinhacultural.com.br\/"},{"@type":"ListItem","position":2,"name":"Parque das Andorinhas recebe shows diversificados e atra\u00e7\u00f5es teatrais"}]},{"@type":"WebSite","@id":"https:\/\/andorinhacultural.com.br\/#website","url":"https:\/\/andorinhacultural.com.br\/","name":"Arte e Cultura no Parque das Andorinhas","description":"","publisher":{"@id":"https:\/\/andorinhacultural.com.br\/#organization"},"potentialAction":[{"@type":"SearchAction","target":{"@type":"EntryPoint","urlTemplate":"https:\/\/andorinhacultural.com.br\/?s={search_term_string}"},"query-input":"required name=search_term_string"}],"inLanguage":"pt-BR"},{"@type":"Organization","@id":"https:\/\/andorinhacultural.com.br\/#organization","name":"Arte e Cultura no Parque das Andorinhas","url":"https:\/\/andorinhacultural.com.br\/","logo":{"@type":"ImageObject","inLanguage":"pt-BR","@id":"https:\/\/andorinhacultural.com.br\/#\/schema\/logo\/image\/","url":"https:\/\/andorinhacultural.com.br\/wp-content\/uploads\/2026\/02\/cropped-logo_parque_andorinhas-300x180-1.png","contentUrl":"https:\/\/andorinhacultural.com.br\/wp-content\/uploads\/2026\/02\/cropped-logo_parque_andorinhas-300x180-1.png","width":300,"height":180,"caption":"Arte e Cultura no Parque das Andorinhas"},"image":{"@id":"https:\/\/andorinhacultural.com.br\/#\/schema\/logo\/image\/"}},{"@type":"Person","@id":"https:\/\/andorinhacultural.com.br\/#\/schema\/person\/5feaf931f60c56733ff684658f052af3","name":"andorinhacultural.com.br","image":{"@type":"ImageObject","inLanguage":"pt-BR","@id":"https:\/\/andorinhacultural.com.br\/#\/schema\/person\/image\/","url":"https:\/\/secure.gravatar.com\/avatar\/362e56bb7e0b40c3878e5c84bc4725d8?s=96&d=mm&r=g","contentUrl":"https:\/\/secure.gravatar.com\/avatar\/362e56bb7e0b40c3878e5c84bc4725d8?s=96&d=mm&r=g","caption":"andorinhacultural.com.br"},"sameAs":["http:\/\/andorinhacultural.com.br"],"url":"https:\/\/andorinhacultural.com.br\/index.php\/author\/andorinhacultural-com-br\/"}]}},"_links":{"self":[{"href":"https:\/\/andorinhacultural.com.br\/index.php\/wp-json\/wp\/v2\/posts\/566"}],"collection":[{"href":"https:\/\/andorinhacultural.com.br\/index.php\/wp-json\/wp\/v2\/posts"}],"about":[{"href":"https:\/\/andorinhacultural.com.br\/index.php\/wp-json\/wp\/v2\/types\/post"}],"author":[{"embeddable":true,"href":"https:\/\/andorinhacultural.com.br\/index.php\/wp-json\/wp\/v2\/users\/1"}],"replies":[{"embeddable":true,"href":"https:\/\/andorinhacultural.com.br\/index.php\/wp-json\/wp\/v2\/comments?post=566"}],"version-history":[{"count":1,"href":"https:\/\/andorinhacultural.com.br\/index.php\/wp-json\/wp\/v2\/posts\/566\/revisions"}],"predecessor-version":[{"id":567,"href":"https:\/\/andorinhacultural.com.br\/index.php\/wp-json\/wp\/v2\/posts\/566\/revisions\/567"}],"wp:attachment":[{"href":"https:\/\/andorinhacultural.com.br\/index.php\/wp-json\/wp\/v2\/media?parent=566"}],"wp:term":[{"taxonomy":"category","embeddable":true,"href":"https:\/\/andorinhacultural.com.br\/index.php\/wp-json\/wp\/v2\/categories?post=566"},{"taxonomy":"post_tag","embeddable":true,"href":"https:\/\/andorinhacultural.com.br\/index.php\/wp-json\/wp\/v2\/tags?post=566"}],"curies":[{"name":"wp","href":"https:\/\/api.w.org\/{rel}","templated":true}]}}